{"id":3410,"date":"2018-03-16T15:15:02","date_gmt":"2018-03-16T15:15:02","guid":{"rendered":"https:\/\/codexflores.ch\/index.php\/2018\/03\/16\/sympoisum-2018-der-schweizerischen-gesellschaft-fuer-musik-medizin\/"},"modified":"2018-03-16T15:15:02","modified_gmt":"2018-03-16T15:15:02","slug":"sympoisum-2018-der-schweizerischen-gesellschaft-fuer-musik-medizin","status":"publish","type":"post","link":"https:\/\/codexflores.ch\/index.php\/2018\/03\/16\/sympoisum-2018-der-schweizerischen-gesellschaft-fuer-musik-medizin\/","title":{"rendered":"Symposium 2018 der Schweizerischen Gesellschaft f\u00fcr Musik-Medizin"},"content":{"rendered":"<p><span style=\"font-family: arial, helvetica, sans-serif; font-size: small;\">16.03.2018 &#8212; Das 16. Symposium der Schweizerischen Gesellschaft f\u00fcr Musik-Medizin (SMM) widmet sich am 27. Oktober im Marianischen Saal Luzern dem Thema \u00abWarnsignal Schmerz\u00bb. Schmerz ist leider aus dem Musikerleben nicht wegzudenken.<\/span><\/p>\n<p><span style=\"font-family: arial, helvetica, sans-serif; font-size: small;\"><strong>16.03.2018 &#8212; Das 16. Symposium der Schweizerischen Gesellschaft f\u00fcr Musik-Medizin (SMM) widmet sich am 27. Oktober im Marianischen Saal Luzern dem Thema \u00abWarnsignal Schmerz\u00bb. Schmerz ist leider aus dem Musikerleben nicht wegzudenken.<\/strong><\/span><\/p>\n<p><span style=\"font-family: arial, helvetica, sans-serif; font-size: small;\">\u00a0<\/span><\/p>\n<p><span style=\"font-family: arial, helvetica, sans-serif; font-size: small;\">Sowohl der \u00dcbe- und Berufsalltag als auch problematische Haltungen mit und am Instrument f\u00f6rdern geradezu eine Schmerzproblematik in allen Altersklassen. Viele Musiker glauben zwar, dass k\u00f6rperliche Schmerzen zum Beruf dazu geh\u00f6ren. Als chronische Schmerzen behindern sie aber oftmals die weitere Aus\u00fcbung des Musikerberufes. Auch die psychische Dimension des Schmerzerlebens ist bedeutend und existentiell: Der Schmerz bricht in unser Leben ein und nimmt uns gefangen, meist ohne grosse Vorwarnung. <\/span><\/p>\n<p>\u00a0<\/p>\n<p><span style=\"font-family: arial, helvetica, sans-serif; font-size: small;\">Ausgewiesene Fachpersonen aus dem In- und Ausland werden Anregungen aus medizinischen und psychologischen Fachgebieten mitbringen. Viele praktische Beispiele der konkreten interdisziplin\u00e4ren Arbeit mit Musikern aus\u00a0 schweizerischen Musikersprechstunden und der Faszienforschung runden den Tag ab. <\/span><\/p>\n<p>\u00a0<\/p>\n<p><span style=\"font-family: arial, helvetica, sans-serif; font-size: small;\">Die Schweizerische Gesellschaft f\u00fcr Musik- Medizin (SMM) besch\u00e4ftigt sich mit berufsspezifischen Erkrankungen bei Musikern sowie deren Therapie und f\u00f6rdert die interdisziplin\u00e4re Zusammenarbeit zwischen \u00c4rzten, Psychologen und Therapeuten. Ein besonderes Anliegen ist der SMM die Pr\u00e4vention und Gesundheitsf\u00f6rderung im Musikerberuf.\u00a0 <em>(cf)<\/em><\/span><\/p>\n<p><span style=\"font-family: arial, helvetica, sans-serif; font-size: small;\"><em><br \/><\/em><strong>Mehr Infos:<\/strong> <a href=\"https:\/\/www.musik-medizin.ch\/aktuelles-symposium\/\" target=\"_blank\" rel=\"noopener noreferrer\">ww.musik-medizin.ch\/aktuelles-symposium<\/a><em><br \/><\/em><\/span><\/p>\n<p><span style=\"font-family: arial, helvetica, sans-serif; font-size: small;\">\u00a0<\/span><\/p>\n","protected":false},"excerpt":{"rendered":"<p><span style=\"font-family: arial, helvetica, sans-serif; font-size: small;\">16.03.2018 &#8212; Das 16. Symposium der Schweizerischen Gesellschaft f\u00fcr Musik-Medizin (SMM) widmet sich am 27. Oktober im Marianischen Saal Luzern dem Thema \u00abWarnsignal Schmerz\u00bb. Schmerz ist leider aus dem Musikerleben nicht wegzudenken.<\/span><\/p>\n","protected":false},"author":1,"featured_media":0,"comment_status":"open","ping_status":"open","sticky":false,"template":"","format":"standard","meta":{"footnotes":""},"categories":[2],"tags":[],"class_list":["post-3410","post","type-post","status-publish","format-standard","hentry","category-nachrichten","entry"],"_links":{"self":[{"href":"https:\/\/codexflores.ch\/index.php\/wp-json\/wp\/v2\/posts\/3410","targetHints":{"allow":["GET"]}}],"collection":[{"href":"https:\/\/codexflores.ch\/index.php\/wp-json\/wp\/v2\/posts"}],"about":[{"href":"https:\/\/codexflores.ch\/index.php\/wp-json\/wp\/v2\/types\/post"}],"author":[{"embeddable":true,"href":"https:\/\/codexflores.ch\/index.php\/wp-json\/wp\/v2\/users\/1"}],"replies":[{"embeddable":true,"href":"https:\/\/codexflores.ch\/index.php\/wp-json\/wp\/v2\/comments?post=3410"}],"version-history":[{"count":0,"href":"https:\/\/codexflores.ch\/index.php\/wp-json\/wp\/v2\/posts\/3410\/revisions"}],"wp:attachment":[{"href":"https:\/\/codexflores.ch\/index.php\/wp-json\/wp\/v2\/media?parent=3410"}],"wp:term":[{"taxonomy":"category","embeddable":true,"href":"https:\/\/codexflores.ch\/index.php\/wp-json\/wp\/v2\/categories?post=3410"},{"taxonomy":"post_tag","embeddable":true,"href":"https:\/\/codexflores.ch\/index.php\/wp-json\/wp\/v2\/tags?post=3410"}],"curies":[{"name":"wp","href":"https:\/\/api.w.org\/{rel}","templated":true}]}}