{"id":3413,"date":"2018-03-21T06:46:30","date_gmt":"2018-03-21T06:46:30","guid":{"rendered":"https:\/\/codexflores.ch\/index.php\/2018\/03\/21\/wanke-und-walliser-gewinnen-in-schwaebisch-gmuend\/"},"modified":"2018-03-21T06:46:30","modified_gmt":"2018-03-21T06:46:30","slug":"wanke-und-walliser-gewinnen-in-schwaebisch-gmuend","status":"publish","type":"post","link":"https:\/\/codexflores.ch\/index.php\/2018\/03\/21\/wanke-und-walliser-gewinnen-in-schwaebisch-gmuend\/","title":{"rendered":"Wanke und Walliser gewinnen in Schw\u00e4bisch Gm\u00fcnd"},"content":{"rendered":"<p><span style=\"font-family: arial, helvetica, sans-serif; font-size: small;\">21.03.2018 &#8212; Otto Wanke und Patrick Walliser heissen die Gewinner des 14. Kompositionswettbewerb Zeitgen\u00f6ssische Geistliche Musik der Stadt Schw\u00e4bisch Gm\u00fcnd im Rahmen des Festivals Europ\u00e4ische Kirchenmusik.<\/span><\/p>\n<p><span style=\"font-family: arial, helvetica, sans-serif; font-size: small;\"><strong>21.03.2018 &#8212; Otto Wanke und Patrick Walliser heissen die Gewinner des 14. Kompositionswettbewerb Zeitgen\u00f6ssische Geistliche Musik der Stadt Schw\u00e4bisch Gm\u00fcnd im Rahmen des Festivals Europ\u00e4ische Kirchenmusik.<\/strong><\/span><\/p>\n<p><span style=\"font-family: arial, helvetica, sans-serif; font-size: small;\">\u00a0<\/span><\/p>\n<p><span style=\"font-family: arial, helvetica, sans-serif; font-size: small;\">Die Jury zeichnete ihre Kompositionen f\u00fcr Chor a cappella zum Festivalthema \u00abMit allen Sinnen\u00bb aus. Der zweigeteilte Preis pr\u00e4miert das Werk \u00ab\u2026durch\u2026\u00bb von Otto Wanke (Wien) mit 1500 Euro. Das Werk \u00abHymne\u00bb von Patrick Walliser (Berlin) wird mit 500 Euro geehrt. Es wurden insgesamt 43 Kompositionen aus ganz Europa, Neuseeland, Kanada und den USA eingereicht. <\/span><\/p>\n<p>\u00a0<\/p>\n<p><span style=\"font-family: arial, helvetica, sans-serif; font-size: small;\">Juroren waren Frank Gerhardt (Komponist, Kassel), Detlef D\u00f6rner (Komponist, Stuttgart), Sonntraud Engels-Benz (Direktorium, Festival Europ\u00e4ische Kirchenmusik Schw\u00e4bisch Gm\u00fcnd) sowie Denis Rouger (Professor f\u00fcr Chorleitung, Musikhochschule Stuttgart), der die Komposition von Otto Wanke mit seinem Kammerchor figure humaine im \u00f6kumenischen Er\u00f6ffnungsgottesdienst des Festivals im Heilig-Kreuz-M\u00fcnster Schw\u00e4bisch Gm\u00fcnd urauff\u00fchren wird. <\/span><\/p>\n<p>\u00a0<\/p>\n<p><span style=\"font-family: arial, helvetica, sans-serif; font-size: small;\">Um die zeitgen\u00f6ssische geistliche Musik zu f\u00f6rdern, schreibt die Stadt Schw\u00e4bisch Gm\u00fcnd f\u00fcr ihr Festival Europ\u00e4ische Kirchenmusik seit 1990 im j\u00e4hrlichen Wechsel mit einem Kompositionsauftrag einen Kompositionswettbewerb aus. Zum Festivalthema 2018\u00a0\u00abMit allen Sinnen\u00bb sollte eine Komposition f\u00fcr gemischten Chor geschaffen werden, welche sich auf die Bibelverse Prediger 9, 7-10 bezieht. Verlangt war eine acht- bis zw\u00f6lfmin\u00fctige Komposition. <em>(cf)<\/em>\u00a0 <\/span><\/p>\n<p>\u00a0<\/p>\n","protected":false},"excerpt":{"rendered":"<p><span style=\"font-family: arial, helvetica, sans-serif; font-size: small;\">21.03.2018 &#8212; Otto Wanke und Patrick Walliser heissen die Gewinner des 14. Kompositionswettbewerb Zeitgen\u00f6ssische Geistliche Musik der Stadt Schw\u00e4bisch Gm\u00fcnd im Rahmen des Festivals Europ\u00e4ische Kirchenmusik.<\/span><\/p>\n","protected":false},"author":1,"featured_media":0,"comment_status":"open","ping_status":"open","sticky":false,"template":"","format":"standard","meta":{"footnotes":""},"categories":[2],"tags":[],"class_list":["post-3413","post","type-post","status-publish","format-standard","hentry","category-nachrichten","entry"],"_links":{"self":[{"href":"https:\/\/codexflores.ch\/index.php\/wp-json\/wp\/v2\/posts\/3413","targetHints":{"allow":["GET"]}}],"collection":[{"href":"https:\/\/codexflores.ch\/index.php\/wp-json\/wp\/v2\/posts"}],"about":[{"href":"https:\/\/codexflores.ch\/index.php\/wp-json\/wp\/v2\/types\/post"}],"author":[{"embeddable":true,"href":"https:\/\/codexflores.ch\/index.php\/wp-json\/wp\/v2\/users\/1"}],"replies":[{"embeddable":true,"href":"https:\/\/codexflores.ch\/index.php\/wp-json\/wp\/v2\/comments?post=3413"}],"version-history":[{"count":0,"href":"https:\/\/codexflores.ch\/index.php\/wp-json\/wp\/v2\/posts\/3413\/revisions"}],"wp:attachment":[{"href":"https:\/\/codexflores.ch\/index.php\/wp-json\/wp\/v2\/media?parent=3413"}],"wp:term":[{"taxonomy":"category","embeddable":true,"href":"https:\/\/codexflores.ch\/index.php\/wp-json\/wp\/v2\/categories?post=3413"},{"taxonomy":"post_tag","embeddable":true,"href":"https:\/\/codexflores.ch\/index.php\/wp-json\/wp\/v2\/tags?post=3413"}],"curies":[{"name":"wp","href":"https:\/\/api.w.org\/{rel}","templated":true}]}}