{"id":3415,"date":"2018-03-23T07:20:00","date_gmt":"2018-03-23T07:20:00","guid":{"rendered":"https:\/\/codexflores.ch\/index.php\/2018\/03\/23\/oesterreich-ehrt-intendant-des-sinfonieorchesters-liechtenstein\/"},"modified":"2018-03-23T07:20:00","modified_gmt":"2018-03-23T07:20:00","slug":"oesterreich-ehrt-intendant-des-sinfonieorchesters-liechtenstein","status":"publish","type":"post","link":"https:\/\/codexflores.ch\/index.php\/2018\/03\/23\/oesterreich-ehrt-intendant-des-sinfonieorchesters-liechtenstein\/","title":{"rendered":"\u00d6sterreich ehrt Intendant des Bad Ragazer Klassikfestivals"},"content":{"rendered":"<p><span style=\"font-family: arial, helvetica, sans-serif; font-size: small;\">23.03.2018 &#8212; Drazen Domjanic, der Gesch\u00e4ftsf\u00fchrer und Intendant des Sinfonieorchesters Liechtenstein und Intendant des Next Generation Classic Festival in Bad Ragaz, ist mit dem Goldenen Ehrenzeichen f\u00fcr die Verdienste der Republik \u00d6sterreich ausgezeichnet worden.<\/span><\/p>\n<p><strong><span style=\"font-family: arial, helvetica, sans-serif; font-size: small;\">23.03.2018 &#8212; Drazen Domjanic, der Gesch\u00e4ftsf\u00fchrer und Intendant des Sinfonieorchesters Liechtenstein und Intendant des Next Generation Classic Festival in Bad Ragaz, ist mit dem Goldenen Ehrenzeichen f\u00fcr die Verdienste der Republik \u00d6sterreich ausgezeichnet worden.<\/span><\/strong><\/p>\n<p><span style=\"font-family: arial, helvetica, sans-serif; font-size: small;\">\u00a0<\/span><\/p>\n<p><span style=\"font-family: arial, helvetica, sans-serif; font-size: small;\">Im Kulturhaus R\u00f6ssle in Mauren und im Beisein zahlreicher G\u00e4ste aus Politik, Wirtschaft und Kultur \u00fcberreichte Botschafterin Maria Rotheiser-Scotti den Orden an Drazen Domjanic als \u00abAuszeichnung f\u00fcr seine Verdienste im kulturellen Bereich und der Musikf\u00f6rderung in der Region\u00bb. F\u00fcr musikalische Untermalung des Festaktes sorgte die 13-j\u00e4hrige Violinistin und Stipendiatin der Internationalen Musikakademie in Liechtenstein Clara Shen.<\/span><\/p>\n<p><span style=\"font-family: arial, helvetica, sans-serif; font-size: small;\">\u00a0<\/span><\/p>\n<p><span style=\"font-family: arial, helvetica, sans-serif; font-size: small;\">Drazen Domjanic studierte Klavier an der Musikakademie Zagreb und an der Kunstakademie in Novi Sad. Er unterrichtete an diversen Institutionen in Kroatien, \u00d6sterreich und Liechtenstein. Er ist k\u00fcnstlerischer Leiter der gemeinn\u00fctzigen liechtensteinischen Stiftung Musik und Jugend, Gesch\u00e4ftsf\u00fchrer der Internationalen Musikakademie im F\u00fcrstentum Liechtenstein und Intendant des Next Generation Classic Festival in Bad Ragaz. (cf)<\/span><\/p>\n","protected":false},"excerpt":{"rendered":"<p><span style=\"font-family: arial, helvetica, sans-serif; font-size: small;\">23.03.2018 &#8212; Drazen Domjanic, der Gesch\u00e4ftsf\u00fchrer und Intendant des Sinfonieorchesters Liechtenstein und Intendant des Next Generation Classic Festival in Bad Ragaz, ist mit dem Goldenen Ehrenzeichen f\u00fcr die Verdienste der Republik \u00d6sterreich ausgezeichnet worden.<\/span><\/p>\n","protected":false},"author":1,"featured_media":0,"comment_status":"open","ping_status":"open","sticky":false,"template":"","format":"standard","meta":{"footnotes":""},"categories":[2],"tags":[],"class_list":["post-3415","post","type-post","status-publish","format-standard","hentry","category-nachrichten","entry"],"_links":{"self":[{"href":"https:\/\/codexflores.ch\/index.php\/wp-json\/wp\/v2\/posts\/3415","targetHints":{"allow":["GET"]}}],"collection":[{"href":"https:\/\/codexflores.ch\/index.php\/wp-json\/wp\/v2\/posts"}],"about":[{"href":"https:\/\/codexflores.ch\/index.php\/wp-json\/wp\/v2\/types\/post"}],"author":[{"embeddable":true,"href":"https:\/\/codexflores.ch\/index.php\/wp-json\/wp\/v2\/users\/1"}],"replies":[{"embeddable":true,"href":"https:\/\/codexflores.ch\/index.php\/wp-json\/wp\/v2\/comments?post=3415"}],"version-history":[{"count":0,"href":"https:\/\/codexflores.ch\/index.php\/wp-json\/wp\/v2\/posts\/3415\/revisions"}],"wp:attachment":[{"href":"https:\/\/codexflores.ch\/index.php\/wp-json\/wp\/v2\/media?parent=3415"}],"wp:term":[{"taxonomy":"category","embeddable":true,"href":"https:\/\/codexflores.ch\/index.php\/wp-json\/wp\/v2\/categories?post=3415"},{"taxonomy":"post_tag","embeddable":true,"href":"https:\/\/codexflores.ch\/index.php\/wp-json\/wp\/v2\/tags?post=3415"}],"curies":[{"name":"wp","href":"https:\/\/api.w.org\/{rel}","templated":true}]}}