{"id":3416,"date":"2018-03-26T05:46:39","date_gmt":"2018-03-26T05:46:39","guid":{"rendered":"https:\/\/codexflores.ch\/index.php\/2018\/03\/26\/bilanz-von-lucerne-festival-an-ostern-2018\/"},"modified":"2018-03-26T05:46:39","modified_gmt":"2018-03-26T05:46:39","slug":"bilanz-von-lucerne-festival-an-ostern-2018","status":"publish","type":"post","link":"https:\/\/codexflores.ch\/index.php\/2018\/03\/26\/bilanz-von-lucerne-festival-an-ostern-2018\/","title":{"rendered":"Bilanz von Lucerne Festival an Ostern 2018"},"content":{"rendered":"<p><span style=\"font-family: arial, helvetica, sans-serif; font-size: small;\">26.03.2018 &#8212; Das Oster-Festival 2018 von Lucerne Festival hat an neun Tagen mit insgesamt 10 Veranstaltungen sakraler und weltlicher Musik in Luzerner Kirchen und im KKL Luzern 9000 Eintritte generiert. Die Auslastung der Konzerte betrug 88 Prozent. Zwei Konzerte waren ausverkauft.<\/span><\/p>\n<p><span style=\"font-family: arial, helvetica, sans-serif; font-size: small;\"><strong>26.03.2018 &#8212; Das Oster-Festival 2018 von Lucerne Festival hat an neun Tagen mit insgesamt 10 Veranstaltungen sakraler und weltlicher Musik in Luzerner Kirchen und im KKL Luzern 9000 Eintritte generiert. Die Auslastung der Konzerte betrug 88 Prozent. Zwei Konzerte waren ausverkauft.<\/strong><\/span><\/p>\n<p><span style=\"font-family: arial, helvetica, sans-serif; font-size: small;\">\u00a0<\/span><\/p>\n<p><span style=\"font-family: arial, helvetica, sans-serif; font-size: small;\">Ausverkauft waren die Er\u00f6ffnung mit Julia Lezhneva, Dmitry Sinkovsky und La Voce Strumentale sowie ein\u00a0 Konzert mit Fatma Said, Rolando Villaz\u00f3n und dem Iberacademy Orchestra, Medell\u00edn. Zum dreit\u00e4gigen Meisterkurs Dirigieren mit Bernard Haitink und den Festival Strings Lucerne kamen insgesamt 350 Besucher. <\/span><\/p>\n<p>\u00a0<\/p>\n<p><span style=\"font-family: arial, helvetica, sans-serif; font-size: small;\">Die Sopranistin Julia Lezhneva pr\u00e4sentierte als \u00abartist-in-residence\u00bb zwei Konzerte in Luzerner Kirchen. W\u00e4hrend drei Tagen hatten junge Dirigenten im \u00f6ffentlichen Meisterkurs Dirigieren zum achten Mal die M\u00f6glichkeit, von den Kenntnissen und Erfahrungen Bernard Haitinks zu profitieren und mit den Festival Strings Lucerne zu arbeiten. <em>(cf)<\/em><\/span><\/p>\n","protected":false},"excerpt":{"rendered":"<p><span style=\"font-family: arial, helvetica, sans-serif; font-size: small;\">26.03.2018 &#8212; Das Oster-Festival 2018 von Lucerne Festival hat an neun Tagen mit insgesamt 10 Veranstaltungen sakraler und weltlicher Musik in Luzerner Kirchen und im KKL Luzern 9000 Eintritte generiert. Die Auslastung der Konzerte betrug 88 Prozent. Zwei Konzerte waren ausverkauft.<\/span><\/p>\n","protected":false},"author":1,"featured_media":0,"comment_status":"open","ping_status":"open","sticky":false,"template":"","format":"standard","meta":{"footnotes":""},"categories":[2],"tags":[],"class_list":["post-3416","post","type-post","status-publish","format-standard","hentry","category-nachrichten","entry"],"_links":{"self":[{"href":"https:\/\/codexflores.ch\/index.php\/wp-json\/wp\/v2\/posts\/3416","targetHints":{"allow":["GET"]}}],"collection":[{"href":"https:\/\/codexflores.ch\/index.php\/wp-json\/wp\/v2\/posts"}],"about":[{"href":"https:\/\/codexflores.ch\/index.php\/wp-json\/wp\/v2\/types\/post"}],"author":[{"embeddable":true,"href":"https:\/\/codexflores.ch\/index.php\/wp-json\/wp\/v2\/users\/1"}],"replies":[{"embeddable":true,"href":"https:\/\/codexflores.ch\/index.php\/wp-json\/wp\/v2\/comments?post=3416"}],"version-history":[{"count":0,"href":"https:\/\/codexflores.ch\/index.php\/wp-json\/wp\/v2\/posts\/3416\/revisions"}],"wp:attachment":[{"href":"https:\/\/codexflores.ch\/index.php\/wp-json\/wp\/v2\/media?parent=3416"}],"wp:term":[{"taxonomy":"category","embeddable":true,"href":"https:\/\/codexflores.ch\/index.php\/wp-json\/wp\/v2\/categories?post=3416"},{"taxonomy":"post_tag","embeddable":true,"href":"https:\/\/codexflores.ch\/index.php\/wp-json\/wp\/v2\/tags?post=3416"}],"curies":[{"name":"wp","href":"https:\/\/api.w.org\/{rel}","templated":true}]}}