{"id":3417,"date":"2018-03-27T06:38:54","date_gmt":"2018-03-27T06:38:54","guid":{"rendered":"https:\/\/codexflores.ch\/index.php\/2018\/03\/27\/opera-de-lausanne-schmiesst-kritiker-raus\/"},"modified":"2018-03-27T06:38:54","modified_gmt":"2018-03-27T06:38:54","slug":"opera-de-lausanne-schmiesst-kritiker-raus","status":"publish","type":"post","link":"https:\/\/codexflores.ch\/index.php\/2018\/03\/27\/opera-de-lausanne-schmiesst-kritiker-raus\/","title":{"rendered":"Op\u00e9ra de Lausanne schmeisst Kritiker raus"},"content":{"rendered":"<p><span style=\"font-family: arial, helvetica, sans-serif; font-size: small;\">27.03.2018 &#8212; Die Oper von Lausanne hat einem Kritiker des franz\u00f6sischen Fachblattes Resmusica die Akkreditierung entzogen. Anlass sind Texte, welche die Oper als unsachgem\u00e4ss, geh\u00e4ssig und pers\u00f6nlich verletzend betrachtet. ResMusica weist die Vorw\u00fcrfe zur\u00fcck und spricht von einem pr\u00e4zedenzlosen Vorfall.<\/span><\/p>\n<p><span style=\"font-family: arial, helvetica, sans-serif; font-size: small;\"><strong>27.03.2018 &#8212; Die Oper von Lausanne hat einem Kritiker des Fachblattes Resmusica die Akkreditierung entzogen. Anlass sind Texte, welche die Oper als unsachgem\u00e4ss, geh\u00e4ssig und pers\u00f6nlich verletzend betrachtet. ResMusica weist die Vorw\u00fcrfe zur\u00fcck und spricht von einem pr\u00e4zedenzlosen Vorfall.<\/strong><\/span><\/p>\n<p><span style=\"font-family: arial, helvetica, sans-serif; font-size: small;\">\u00a0<\/span><\/p>\n<p><span style=\"font-family: arial, helvetica, sans-serif; font-size: small;\">Die Oper betrachtet die Texte des Resmusica-Berichterstatters offenbar generell als nicht objektiv und ungerecht. Ausl\u00f6ser f\u00fcr den Entzug der Akkreditierung war schliesslich eine Besprechung von Bellinis \u00abLa Sonnambula\u00bb mit\u00a0der russischen Sopranistin Olga Peretyatko in der Rolle der Amina. \u00a0<\/span><\/p>\n<p><span style=\"font-family: arial, helvetica, sans-serif; font-size: small;\">\u00a0<\/span><\/p>\n<p><span style=\"font-family: arial, helvetica, sans-serif; font-size: small;\">Das 1999 gegr\u00fcndete Fachblatt Resmusica ist die franz\u00f6sische Partner der International Classical Music Awards (den Nachfolgern der Midem Classical Awards). <em>(cf)<br \/><\/em><\/span><\/p>\n<p><span style=\"font-family: arial, helvetica, sans-serif; font-size: small;\"><strong>Originalartikel (franz\u00f6sisch):<br \/><\/strong><a href=\"http:\/\/www.resmusica.com\/2018\/03\/26\/pourquoi-resmusica-ne-chroniquera-pas-les-prochains-spectacles-de-lopera-de-lausanne\/\">www.resmusica.com\/2018\/03\/26\/pourquoi-resmusica-ne-chroniquera-pas-les-prochains-spectacles-de-lopera-de-lausanne\/<\/a><\/span><\/p>\n<p><span style=\"font-family: arial, helvetica, sans-serif; font-size: small;\">\u00a0<\/span><\/p>\n<p>\u00a0<\/p>\n","protected":false},"excerpt":{"rendered":"<p><span style=\"font-family: arial, helvetica, sans-serif; font-size: small;\">27.03.2018 &#8212; Die Oper von Lausanne hat einem Kritiker des franz\u00f6sischen Fachblattes Resmusica die Akkreditierung entzogen. Anlass sind Texte, welche die Oper als unsachgem\u00e4ss, geh\u00e4ssig und pers\u00f6nlich verletzend betrachtet. ResMusica weist die Vorw\u00fcrfe zur\u00fcck und spricht von einem pr\u00e4zedenzlosen Vorfall.<\/span><\/p>\n","protected":false},"author":1,"featured_media":0,"comment_status":"open","ping_status":"open","sticky":false,"template":"","format":"standard","meta":{"footnotes":""},"categories":[2],"tags":[],"class_list":["post-3417","post","type-post","status-publish","format-standard","hentry","category-nachrichten","entry"],"_links":{"self":[{"href":"https:\/\/codexflores.ch\/index.php\/wp-json\/wp\/v2\/posts\/3417","targetHints":{"allow":["GET"]}}],"collection":[{"href":"https:\/\/codexflores.ch\/index.php\/wp-json\/wp\/v2\/posts"}],"about":[{"href":"https:\/\/codexflores.ch\/index.php\/wp-json\/wp\/v2\/types\/post"}],"author":[{"embeddable":true,"href":"https:\/\/codexflores.ch\/index.php\/wp-json\/wp\/v2\/users\/1"}],"replies":[{"embeddable":true,"href":"https:\/\/codexflores.ch\/index.php\/wp-json\/wp\/v2\/comments?post=3417"}],"version-history":[{"count":0,"href":"https:\/\/codexflores.ch\/index.php\/wp-json\/wp\/v2\/posts\/3417\/revisions"}],"wp:attachment":[{"href":"https:\/\/codexflores.ch\/index.php\/wp-json\/wp\/v2\/media?parent=3417"}],"wp:term":[{"taxonomy":"category","embeddable":true,"href":"https:\/\/codexflores.ch\/index.php\/wp-json\/wp\/v2\/categories?post=3417"},{"taxonomy":"post_tag","embeddable":true,"href":"https:\/\/codexflores.ch\/index.php\/wp-json\/wp\/v2\/tags?post=3417"}],"curies":[{"name":"wp","href":"https:\/\/api.w.org\/{rel}","templated":true}]}}