{"id":3419,"date":"2018-03-29T05:54:39","date_gmt":"2018-03-29T05:54:39","guid":{"rendered":"https:\/\/codexflores.ch\/index.php\/2018\/03\/29\/neue-kooperationen-der-orpheum-stiftung\/"},"modified":"2018-03-29T05:54:39","modified_gmt":"2018-03-29T05:54:39","slug":"neue-kooperationen-der-orpheum-stiftung","status":"publish","type":"post","link":"https:\/\/codexflores.ch\/index.php\/2018\/03\/29\/neue-kooperationen-der-orpheum-stiftung\/","title":{"rendered":"Neue Kooperationen der Orpheum Stiftung"},"content":{"rendered":"<p><span style=\"font-family: arial, helvetica, sans-serif; font-size: small;\">29.03.2018 &#8212; Die Orpheum Stiftung zur F\u00f6rderung junger Solisten kooperiert neu mit der M\u00fcller-M\u00f6hl Foundation und der von Maria Joao Pires ins Leben gerufenen Partitura-Bewegung. Die M\u00fcller-M\u00f6hl Foundation macht sich unter Leitung ihrer Gr\u00fcnderin Carolina M\u00fcller-M\u00f6hl seit \u00fcber zehn Jahren f\u00fcr Frauen in Politik, Wirtschaft und Kultur stark.<\/span><\/p>\n<p><span style=\"font-family: arial, helvetica, sans-serif; font-size: small;\"><strong>29.03.2018 &#8212;\u00a0Die Orpheum Stiftung zur F\u00f6rderung junger Solisten kooperiert neu mit der M\u00fcller-M\u00f6hl Foundation und der von Maria Joao Pires ins Leben gerufenen Partitura-Bewegung. Die M\u00fcller-M\u00f6hl Foundation macht sich unter Leitung ihrer Gr\u00fcnderin Carolina M\u00fcller-M\u00f6hl seit \u00fcber zehn Jahren f\u00fcr Frauen in Politik, Wirtschaft und Kultur stark.<\/strong><\/span><\/p>\n<p><span style=\"font-family: arial, helvetica, sans-serif; font-size: small;\"><strong>\u00a0<\/strong><\/span><\/p>\n<p><span style=\"font-family: arial, helvetica, sans-serif; font-size: small;\">Unter den gef\u00f6rderten jungen Musikerinnen und Musikern der Orpheum Stiftung betr\u00e4gt der Frauenanteil bereits nahezu 50 Prozent. Daf\u00fcr stehen etwa Sol Gabetta, Alice Sara Ott, Vilde Frang oder Yuja Wang, die hier ihre internationalen Karrieren starteten. In die Fussstapfen dieser Weltstars tritt nun am 13. April beim n\u00e4chsten Orpheum Konzert in der Z\u00fcrcher Tonhalle das Quatuor Za\u00efde, das gemeinsam mit Lise de la Salle und der ehemaligen Orpheum-Solistin Chiara Enderle einen Kammermusikabend aus weiblicher Perspektive bestreitet. <\/span><\/p>\n<p><span style=\"font-family: arial, helvetica, sans-serif; font-size: small;\">\u00a0<\/span><\/p>\n<p><span style=\"font-family: arial, helvetica, sans-serif; font-size: small;\">Die Partitura-Bewegung will \u00abeine Dynamik zwischen K\u00fcnstlerinnen und K\u00fcnstlern aus verschiedenen Generationen schaffen, einen offenen Dialog zwischen verschiedenen k\u00fcnstlerischen und wissenschaftlichen Str\u00f6mungen\u00a0 erm\u00f6glichen, die zu einem besseren Verst\u00e4ndnis der Menschen f\u00fcr ihre Umgebung f\u00fchren soll\u00bb. Der Rahmen f\u00fcr alle Aktivit\u00e4ten der Partitura Bewegung bildet die Association Partitura mit Sitz in der Schweiz. Im Juni startet ein gemeinsamer Workshop mit einem ersten Teil in Belgais (Portugal), wird im Oktober in Z\u00fcrich weitergef\u00fchrt und findet seinen kr\u00f6nenden Abschluss im Konzert am 2. November 2018 in der Tonhalle Maag, bei dem der Schweizer Pianist und Orpheum Solist Teo Gheorghiu gemeinsam mit Maria Jo\u00e3o Pires konzertiert.<em> (cf)<\/em><\/span><\/p>\n","protected":false},"excerpt":{"rendered":"<p><span style=\"font-family: arial, helvetica, sans-serif; font-size: small;\">29.03.2018 &#8212; Die Orpheum Stiftung zur F\u00f6rderung junger Solisten kooperiert neu mit der M\u00fcller-M\u00f6hl Foundation und der von Maria Joao Pires ins Leben gerufenen Partitura-Bewegung. Die M\u00fcller-M\u00f6hl Foundation macht sich unter Leitung ihrer Gr\u00fcnderin Carolina M\u00fcller-M\u00f6hl seit \u00fcber zehn Jahren f\u00fcr Frauen in Politik, Wirtschaft und Kultur stark.<\/span><\/p>\n","protected":false},"author":1,"featured_media":0,"comment_status":"open","ping_status":"open","sticky":false,"template":"","format":"standard","meta":{"footnotes":""},"categories":[2],"tags":[],"class_list":["post-3419","post","type-post","status-publish","format-standard","hentry","category-nachrichten","entry"],"_links":{"self":[{"href":"https:\/\/codexflores.ch\/index.php\/wp-json\/wp\/v2\/posts\/3419","targetHints":{"allow":["GET"]}}],"collection":[{"href":"https:\/\/codexflores.ch\/index.php\/wp-json\/wp\/v2\/posts"}],"about":[{"href":"https:\/\/codexflores.ch\/index.php\/wp-json\/wp\/v2\/types\/post"}],"author":[{"embeddable":true,"href":"https:\/\/codexflores.ch\/index.php\/wp-json\/wp\/v2\/users\/1"}],"replies":[{"embeddable":true,"href":"https:\/\/codexflores.ch\/index.php\/wp-json\/wp\/v2\/comments?post=3419"}],"version-history":[{"count":0,"href":"https:\/\/codexflores.ch\/index.php\/wp-json\/wp\/v2\/posts\/3419\/revisions"}],"wp:attachment":[{"href":"https:\/\/codexflores.ch\/index.php\/wp-json\/wp\/v2\/media?parent=3419"}],"wp:term":[{"taxonomy":"category","embeddable":true,"href":"https:\/\/codexflores.ch\/index.php\/wp-json\/wp\/v2\/categories?post=3419"},{"taxonomy":"post_tag","embeddable":true,"href":"https:\/\/codexflores.ch\/index.php\/wp-json\/wp\/v2\/tags?post=3419"}],"curies":[{"name":"wp","href":"https:\/\/api.w.org\/{rel}","templated":true}]}}