{"id":3420,"date":"2018-04-03T05:52:53","date_gmt":"2018-04-03T05:52:53","guid":{"rendered":"https:\/\/codexflores.ch\/index.php\/2018\/04\/03\/musiktherapie-an-der-frankfurter-musikmesse\/"},"modified":"2018-04-03T05:52:53","modified_gmt":"2018-04-03T05:52:53","slug":"musiktherapie-an-der-frankfurter-musikmesse","status":"publish","type":"post","link":"https:\/\/codexflores.ch\/index.php\/2018\/04\/03\/musiktherapie-an-der-frankfurter-musikmesse\/","title":{"rendered":"Musiktherapie an der Frankfurter Musikmesse"},"content":{"rendered":"<p><span style=\"font-family: arial, helvetica, sans-serif; font-size: small;\">03.04.2018 &#8212; Die Deutsche Musiktherapeutische Gesellschaft (DMtG) ist an der Frankfurter Musikmesse pr\u00e4sent\u00a0\u2013 mit einem Informationsstand und einer hochkar\u00e4tig zusammengesetzten Diskussionsrunde.<\/span><\/p>\n<p><span style=\"font-family: arial, helvetica, sans-serif; font-size: small;\"><strong>03.04.2018 &#8212; Die Deutsche Musiktherapeutische Gesellschaft (DMtG) ist an der Frankfurter Musikmesse pr\u00e4sent\u00a0\u2013 mit einem Informationsstand und einer hochkar\u00e4tig zusammengesetzten Diskussionsrunde.<\/strong><\/span><\/p>\n<p><span style=\"font-family: arial, helvetica, sans-serif; font-size: small;\">\u00a0<\/span><\/p>\n<p><span style=\"font-family: arial, helvetica, sans-serif; font-size: small;\">Die Diskussionsrunde vereint\u00a0Ulrike Liedtke (MdL Brandenburg, Vizepr\u00e4sidentin des Deutschen Musikrates), Gunter Kreutz (Musikwissenschaftler, Universit\u00e4t Oldenburg), Richard von Georgi (Musikpsychologe, Mediziner, SRH Hochschule der popul\u00e4ren K\u00fcnste Berlin) und Lutz Neugebauer (Musiktherapeut, Vorstand der DMtG). Er\u00f6rtert wird, wie sich die gesundheitsf\u00f6rdernden Potentiale der Musik f\u00fcr Therapie, Pr\u00e4vention und Bildung nutzen lassen. <\/span><\/p>\n<p>\u00a0<\/p>\n<p><span style=\"font-family: arial, helvetica, sans-serif; font-size: small;\">L\u00e4ngst ist Musiktherapie als wirksam anerkannt bei der Behandlung von Fr\u00fchgeborenen genauso wie bei dementen Menschen, in Kliniken wie in Musikschulen. Aber reicht das aus, um die Ressourcen musikalischer Praxis in der Vor- und Nachsorge einzusetzen? Welche Forderungen ergeben sich daraus f\u00fcr die politischen Entscheider im Gesundheitswesen und in Musikverb\u00e4nden? Moderiert wird das Gespr\u00e4ch vom K\u00f6lner Musikjournalisten Michael R\u00fcsenberg.<\/span><\/p>\n<p>\u00a0<\/p>\n<p><span style=\"font-size: small;\"><span style=\"font-family: arial, helvetica, sans-serif;\">Die Musikmesse findet in Frankfurt zwischen 11. bis 14. April 2018 statt. Der Informationsstand der DMtG findet sich zentral in Halle 8 im Music Associations &amp; Education Forum. Die Diskussionsrunde geht in diesem Forum am Samstag, dem 14. April, von 12 bis 13 Uhr \u00fcber die B\u00fchne. <\/span><em><span style=\"font-family: arial, helvetica, sans-serif;\">(cf)<\/span> <\/em><\/span><\/p>\n<p>\u00a0<\/p>\n<p>\u00a0<\/p>\n","protected":false},"excerpt":{"rendered":"<p><span style=\"font-family: arial, helvetica, sans-serif; font-size: small;\">03.04.2018 &#8212; Die Deutsche Musiktherapeutische Gesellschaft (DMtG) ist an der Frankfurter Musikmesse pr\u00e4sent\u00a0\u2013 mit einem Informationsstand und einer hochkar\u00e4tig zusammengesetzten Diskussionsrunde.<\/span><\/p>\n","protected":false},"author":1,"featured_media":0,"comment_status":"open","ping_status":"open","sticky":false,"template":"","format":"standard","meta":{"footnotes":""},"categories":[2],"tags":[],"class_list":["post-3420","post","type-post","status-publish","format-standard","hentry","category-nachrichten","entry"],"_links":{"self":[{"href":"https:\/\/codexflores.ch\/index.php\/wp-json\/wp\/v2\/posts\/3420","targetHints":{"allow":["GET"]}}],"collection":[{"href":"https:\/\/codexflores.ch\/index.php\/wp-json\/wp\/v2\/posts"}],"about":[{"href":"https:\/\/codexflores.ch\/index.php\/wp-json\/wp\/v2\/types\/post"}],"author":[{"embeddable":true,"href":"https:\/\/codexflores.ch\/index.php\/wp-json\/wp\/v2\/users\/1"}],"replies":[{"embeddable":true,"href":"https:\/\/codexflores.ch\/index.php\/wp-json\/wp\/v2\/comments?post=3420"}],"version-history":[{"count":0,"href":"https:\/\/codexflores.ch\/index.php\/wp-json\/wp\/v2\/posts\/3420\/revisions"}],"wp:attachment":[{"href":"https:\/\/codexflores.ch\/index.php\/wp-json\/wp\/v2\/media?parent=3420"}],"wp:term":[{"taxonomy":"category","embeddable":true,"href":"https:\/\/codexflores.ch\/index.php\/wp-json\/wp\/v2\/categories?post=3420"},{"taxonomy":"post_tag","embeddable":true,"href":"https:\/\/codexflores.ch\/index.php\/wp-json\/wp\/v2\/tags?post=3420"}],"curies":[{"name":"wp","href":"https:\/\/api.w.org\/{rel}","templated":true}]}}