{"id":3423,"date":"2018-04-06T06:21:33","date_gmt":"2018-04-06T06:21:33","guid":{"rendered":"https:\/\/codexflores.ch\/index.php\/2018\/04\/06\/landesjazzpreis-baden-wuerttemberg-fuer-bernd-konrad\/"},"modified":"2018-04-06T06:21:33","modified_gmt":"2018-04-06T06:21:33","slug":"landesjazzpreis-baden-wuerttemberg-fuer-bernd-konrad","status":"publish","type":"post","link":"https:\/\/codexflores.ch\/index.php\/2018\/04\/06\/landesjazzpreis-baden-wuerttemberg-fuer-bernd-konrad\/","title":{"rendered":"Landesjazzpreis Baden-W\u00fcrttemberg f\u00fcr Bernd Konrad"},"content":{"rendered":"<p><span style=\"font-family: arial, helvetica, sans-serif; font-size: small;\">06.04.2018 &#8212; Der zum vierten Mal in der Kategorie Sonderpreis f\u00fcr das Lebenswerk vergebene und mit 10&#8217;000 Euro dotierte Landesjazzpreis Baden-W\u00fcrttemberg geht an den Saxofonisten, Klarinettisten und Komponisten Professor Bernd Konrad.<\/span><\/p>\n<p><span style=\"font-family: arial, helvetica, sans-serif; font-size: small;\"><strong>06.04.2018 &#8212; Der zum vierten Mal in der Kategorie Sonderpreis f\u00fcr das Lebenswerk vergebene und mit 10&#8217;000 Euro dotierte Landesjazzpreis Baden-W\u00fcrttemberg geht an den Saxofonisten, Klarinettisten und Komponisten Professor Bernd Konrad.<\/strong><\/span><\/p>\n<p><span style=\"font-family: arial, helvetica, sans-serif; font-size: small;\">\u00a0<\/span><\/p>\n<p><span style=\"font-family: arial, helvetica, sans-serif; font-size: small;\">Der 1947 in Schleswig-Holstein geborene Bernd Konrad zog 1952 nach Konstanz. 1968 wurde er mit dem Jugend-Solistenpreis des Bodensee-Symphonie-Orchesters\/S\u00fcdwestdeutsche Philharmonie ausgezeichnet. Von 1968 bis 1974 studierte er Klarinette an der an der Staatlichen Hochschule f\u00fcr Musik und Darstellende Kunst Stuttgart, von 1975 bis 1979 Komposition bei Professor Erhard Karkoschka.<\/span><\/p>\n<p><span style=\"font-family: arial, helvetica, sans-serif; font-size: small;\">\u00a0<\/span><\/p>\n<p><span style=\"font-family: arial, helvetica, sans-serif; font-size: small;\">1981 war er Mitbegr\u00fcnder des Landesjugendjazzorchesters Baden-W\u00fcrttemberg, das er bis 2013 leitete. Von 1986 bis 2012 war er Professor und Leiter des Instituts f\u00fcr Jazz und Pop an der Staatlichen Hochschule f\u00fcr Musik und Darstellende Kunst Stuttgart, das er massgeblich mit aufbaute. <em>(cf)\u00a0<\/em> <\/span><\/p>\n<p><span style=\"font-family: arial, helvetica, sans-serif; font-size: small;\">\u00a0<\/span><\/p>\n","protected":false},"excerpt":{"rendered":"<p><span style=\"font-family: arial, helvetica, sans-serif; font-size: small;\">06.04.2018 &#8212; Der zum vierten Mal in der Kategorie Sonderpreis f\u00fcr das Lebenswerk vergebene und mit 10&#8217;000 Euro dotierte Landesjazzpreis Baden-W\u00fcrttemberg geht an den Saxofonisten, Klarinettisten und Komponisten Professor Bernd Konrad.<\/span><\/p>\n","protected":false},"author":1,"featured_media":0,"comment_status":"open","ping_status":"open","sticky":false,"template":"","format":"standard","meta":{"footnotes":""},"categories":[2],"tags":[],"class_list":["post-3423","post","type-post","status-publish","format-standard","hentry","category-nachrichten","entry"],"_links":{"self":[{"href":"https:\/\/codexflores.ch\/index.php\/wp-json\/wp\/v2\/posts\/3423","targetHints":{"allow":["GET"]}}],"collection":[{"href":"https:\/\/codexflores.ch\/index.php\/wp-json\/wp\/v2\/posts"}],"about":[{"href":"https:\/\/codexflores.ch\/index.php\/wp-json\/wp\/v2\/types\/post"}],"author":[{"embeddable":true,"href":"https:\/\/codexflores.ch\/index.php\/wp-json\/wp\/v2\/users\/1"}],"replies":[{"embeddable":true,"href":"https:\/\/codexflores.ch\/index.php\/wp-json\/wp\/v2\/comments?post=3423"}],"version-history":[{"count":0,"href":"https:\/\/codexflores.ch\/index.php\/wp-json\/wp\/v2\/posts\/3423\/revisions"}],"wp:attachment":[{"href":"https:\/\/codexflores.ch\/index.php\/wp-json\/wp\/v2\/media?parent=3423"}],"wp:term":[{"taxonomy":"category","embeddable":true,"href":"https:\/\/codexflores.ch\/index.php\/wp-json\/wp\/v2\/categories?post=3423"},{"taxonomy":"post_tag","embeddable":true,"href":"https:\/\/codexflores.ch\/index.php\/wp-json\/wp\/v2\/tags?post=3423"}],"curies":[{"name":"wp","href":"https:\/\/api.w.org\/{rel}","templated":true}]}}