{"id":3432,"date":"2018-04-19T05:37:45","date_gmt":"2018-04-19T05:37:45","guid":{"rendered":"https:\/\/codexflores.ch\/index.php\/2018\/04\/19\/ein-countertenor-inszeniert-la-donna-del-lago\/"},"modified":"2018-04-19T05:37:45","modified_gmt":"2018-04-19T05:37:45","slug":"ein-countertenor-inszeniert-la-donna-del-lago","status":"publish","type":"post","link":"https:\/\/codexflores.ch\/index.php\/2018\/04\/19\/ein-countertenor-inszeniert-la-donna-del-lago\/","title":{"rendered":"Ein Countertenor inszeniert \u00abLa donna del Lago\u00bb"},"content":{"rendered":"<p><span style=\"font-family: arial, helvetica, sans-serif; font-size: small;\">19.04.2018 &#8212; Am kommenden Sonntag gibt Max Emanuel Cencic mit der Produktion von Rossinis \u00abLa donna del Lago\u00bb an der Oper Lausanne sein Schweizer Regiedeb\u00fct. Gleichzeitig steht er als Malcolm auf der B\u00fchne, womit die Rolle erstmals \u00fcberhaupt von einem Countertenor gesungen wird und nicht wie \u00fcblicherweise von einer Mezzosopranistin.<\/span><\/p>\n<p><span style=\"font-family: arial, helvetica, sans-serif; font-size: small;\"><strong>19.04.2018 &#8212; Am kommenden Sonntag gibt Max Emanuel Cencic mit der Produktion von Rossinis \u00abLa donna del Lago\u00bb an der Oper Lausanne sein Schweizer Regiedeb\u00fct. Gleichzeitig steht er als Malcolm auf der B\u00fchne, womit die Rolle erstmals \u00fcberhaupt von einem Countertenor gesungen wird und nicht wie \u00fcblicherweise von einer Mezzosopranistin.<\/strong><\/span><\/p>\n<p><span style=\"font-family: arial, helvetica, sans-serif; font-size: small;\">\u00a0<\/span><\/p>\n<p><span style=\"font-family: arial, helvetica, sans-serif; font-size: small;\">In der Oper steht die Titelfigur Elena zwischen drei M\u00e4nnern. Dem Clanf\u00fchrer Rodrigo wurde sie vom Vater versprochen, Malcolm liebt sie und der als J\u00e4ger verkleidete K\u00f6nig entbrennt in Liebe zu ihr. Cencic verlegt die Handlung mit ihren politischen Verkn\u00fcpfungen und amour\u00f6sen Verwicklungen in die zweite H\u00e4lfte des 19. Jahrhunderts nach Paris von Napoleon III. <\/span><\/p>\n<p>\u00a0<\/p>\n<p><span style=\"font-family: arial, helvetica, sans-serif; font-size: small;\">W\u00e4hrend Rossini seine Oper \u00abAureliano in Palmira\u00bb noch f\u00fcr den Kastratenstar Velluti komponierte, war es im Entstehungsjahr von \u00abLa donna del Lago\u00bb 1819 l\u00e4ngst \u00fcblich, dass Mezzosopranistinnen die hohen M\u00e4nnerrollen \u00fcbernahmen, was bis heute g\u00e4ngige Praxis ist. In der Produktion der Oper Lausanne bedeutet Cencics Verk\u00f6rperung der herausfordernden Malcolm-Partie eine Weltpremiere. <em>(cf)<\/em> <\/span><\/p>\n<p>\u00a0<\/p>\n","protected":false},"excerpt":{"rendered":"<p><span style=\"font-family: arial, helvetica, sans-serif; font-size: small;\">19.04.2018 &#8212; Am kommenden Sonntag gibt Max Emanuel Cencic mit der Produktion von Rossinis \u00abLa donna del Lago\u00bb an der Oper Lausanne sein Schweizer Regiedeb\u00fct. Gleichzeitig steht er als Malcolm auf der B\u00fchne, womit die Rolle erstmals \u00fcberhaupt von einem Countertenor gesungen wird und nicht wie \u00fcblicherweise von einer Mezzosopranistin.<\/span><\/p>\n","protected":false},"author":1,"featured_media":0,"comment_status":"open","ping_status":"open","sticky":false,"template":"","format":"standard","meta":{"footnotes":""},"categories":[2],"tags":[],"class_list":["post-3432","post","type-post","status-publish","format-standard","hentry","category-nachrichten","entry"],"_links":{"self":[{"href":"https:\/\/codexflores.ch\/index.php\/wp-json\/wp\/v2\/posts\/3432","targetHints":{"allow":["GET"]}}],"collection":[{"href":"https:\/\/codexflores.ch\/index.php\/wp-json\/wp\/v2\/posts"}],"about":[{"href":"https:\/\/codexflores.ch\/index.php\/wp-json\/wp\/v2\/types\/post"}],"author":[{"embeddable":true,"href":"https:\/\/codexflores.ch\/index.php\/wp-json\/wp\/v2\/users\/1"}],"replies":[{"embeddable":true,"href":"https:\/\/codexflores.ch\/index.php\/wp-json\/wp\/v2\/comments?post=3432"}],"version-history":[{"count":0,"href":"https:\/\/codexflores.ch\/index.php\/wp-json\/wp\/v2\/posts\/3432\/revisions"}],"wp:attachment":[{"href":"https:\/\/codexflores.ch\/index.php\/wp-json\/wp\/v2\/media?parent=3432"}],"wp:term":[{"taxonomy":"category","embeddable":true,"href":"https:\/\/codexflores.ch\/index.php\/wp-json\/wp\/v2\/categories?post=3432"},{"taxonomy":"post_tag","embeddable":true,"href":"https:\/\/codexflores.ch\/index.php\/wp-json\/wp\/v2\/tags?post=3432"}],"curies":[{"name":"wp","href":"https:\/\/api.w.org\/{rel}","templated":true}]}}