{"id":3433,"date":"2018-04-19T05:45:19","date_gmt":"2018-04-19T05:45:19","guid":{"rendered":"https:\/\/codexflores.ch\/index.php\/2018\/04\/19\/warner-classics-katalog-auf-idagio-verfuegbar\/"},"modified":"2018-04-19T05:45:19","modified_gmt":"2018-04-19T05:45:19","slug":"warner-classics-katalog-auf-idagio-verfuegbar","status":"publish","type":"post","link":"https:\/\/codexflores.ch\/index.php\/2018\/04\/19\/warner-classics-katalog-auf-idagio-verfuegbar\/","title":{"rendered":"Warner-Classics-Katalog auf Idagio verf\u00fcgbar"},"content":{"rendered":"<p><span style=\"font-family: arial, helvetica, sans-serif; font-size: small;\">19.04.2018 &#8212; Auf der Streamingplattform Idagio sind ab sofort die klassischen Aufnahmen von Warner Classics verf\u00fcgbar, inklusive die Kataloge der Erato-Labels, von EMI Classics, Teldec (heute Warner Classics) und Virgin Classics (heute Erato).<\/span><\/p>\n<p><span style=\"font-family: arial, helvetica, sans-serif; font-size: small;\"><strong>19.04.2018 &#8212; Auf der Streamingplattform Idagio sind ab sofort die klassischen Aufnahmen von Warner Classics verf\u00fcgbar, inklusive die Kataloge der Erato-Labels, von EMI Classics, Teldec (heute Warner Classics) und Virgin Classics (heute Erato).<\/strong><\/span><\/p>\n<p><span style=\"font-family: arial, helvetica, sans-serif; font-size: small;\">\u00a0<\/span><\/p>\n<p><span style=\"font-family: arial, helvetica, sans-serif; font-size: small;\">Die Zusammenarbeit umfasst auch das Kuratieren von Playlisten durch K\u00fcnstler und Experten des Labels. Die Kataloge umfassen unter anderem historische Einspielungen von\u00a0 Maria Callas, Yehudi Menuhin, Leonard Bernstein oder Herbert von Karajan sowie j\u00fcngere Aufnahmen von Itzhak Perlman, Martha Argerich, Philippe Jaroussky, Joyce DiDonato oder Sir Simon Rattle. <\/span><\/p>\n<p>\u00a0<\/p>\n<p><span style=\"font-family: arial, helvetica, sans-serif; font-size: small;\">Eine der ersten auf Idagio verf\u00fcgbaren Neuver\u00f6ffentlichungen wird die Gesamtaufnahme der Werke Claude Debussys sein, die anl\u00e4sslich des 100. Todestags des Komponisten herausgebracht wurde. <em>(cf)<\/em><\/span><\/p>\n<p><span style=\"font-family: arial, helvetica, sans-serif; font-size: small;\">\u00a0<\/span><\/p>\n","protected":false},"excerpt":{"rendered":"<p><span style=\"font-family: arial, helvetica, sans-serif; font-size: small;\">19.04.2018 &#8212; Auf der Streamingplattform Idagio sind ab sofort die klassischen Aufnahmen von Warner Classics verf\u00fcgbar, inklusive die Kataloge der Erato-Labels, von EMI Classics, Teldec (heute Warner Classics) und Virgin Classics (heute Erato).<\/span><\/p>\n","protected":false},"author":1,"featured_media":0,"comment_status":"open","ping_status":"open","sticky":false,"template":"","format":"standard","meta":{"footnotes":""},"categories":[2],"tags":[],"class_list":["post-3433","post","type-post","status-publish","format-standard","hentry","category-nachrichten","entry"],"_links":{"self":[{"href":"https:\/\/codexflores.ch\/index.php\/wp-json\/wp\/v2\/posts\/3433","targetHints":{"allow":["GET"]}}],"collection":[{"href":"https:\/\/codexflores.ch\/index.php\/wp-json\/wp\/v2\/posts"}],"about":[{"href":"https:\/\/codexflores.ch\/index.php\/wp-json\/wp\/v2\/types\/post"}],"author":[{"embeddable":true,"href":"https:\/\/codexflores.ch\/index.php\/wp-json\/wp\/v2\/users\/1"}],"replies":[{"embeddable":true,"href":"https:\/\/codexflores.ch\/index.php\/wp-json\/wp\/v2\/comments?post=3433"}],"version-history":[{"count":0,"href":"https:\/\/codexflores.ch\/index.php\/wp-json\/wp\/v2\/posts\/3433\/revisions"}],"wp:attachment":[{"href":"https:\/\/codexflores.ch\/index.php\/wp-json\/wp\/v2\/media?parent=3433"}],"wp:term":[{"taxonomy":"category","embeddable":true,"href":"https:\/\/codexflores.ch\/index.php\/wp-json\/wp\/v2\/categories?post=3433"},{"taxonomy":"post_tag","embeddable":true,"href":"https:\/\/codexflores.ch\/index.php\/wp-json\/wp\/v2\/tags?post=3433"}],"curies":[{"name":"wp","href":"https:\/\/api.w.org\/{rel}","templated":true}]}}