{"id":3434,"date":"2018-04-20T06:36:31","date_gmt":"2018-04-20T06:36:31","guid":{"rendered":"https:\/\/codexflores.ch\/index.php\/2018\/04\/20\/belper-impulse-fuer-die-chorszene\/"},"modified":"2018-04-20T06:36:31","modified_gmt":"2018-04-20T06:36:31","slug":"belper-impulse-fuer-die-chorszene","status":"publish","type":"post","link":"https:\/\/codexflores.ch\/index.php\/2018\/04\/20\/belper-impulse-fuer-die-chorszene\/","title":{"rendered":"Belper Impulse f\u00fcr die Chorszene"},"content":{"rendered":"<p><span style=\"font-family: arial, helvetica, sans-serif; font-size: small;\">20.04.2018 &#8211; Der Belper Chor hat unter der Leitung von Mathias Behrends, dem Leiter des Schweizer Opernstudios der Hochschule der K\u00fcnste Bern, ein neues Konzertformat f\u00fcr Laiench\u00f6re entwickelt und nun auch auf CD dokumentiert. Teil davon ist eine Zusammenarbeit mit der Camerata Zagreb.<\/span><\/p>\n<p><span style=\"font-family: arial, helvetica, sans-serif; font-size: small;\"><strong>20.04.2018 &#8211; Der Belper Chor hat unter der Leitung von Mathias Behrends, dem Leiter des Schweizer Opernstudios der Hochschule der K\u00fcnste Bern, ein neues Konzertformat f\u00fcr Laiench\u00f6re entwickelt und nun auch auf CD dokumentiert. Teil davon ist eine Zusammenarbeit mit der Camerata Zagreb.<\/strong><\/span><\/p>\n<p><span style=\"font-family: arial, helvetica, sans-serif; font-size: small;\">\u00a0<\/span><\/p>\n<p><span style=\"font-family: arial, helvetica, sans-serif; font-size: small;\">Die Projekte des Chores bestehen aus mit der Mischung von eigens arrangierten Liedern, die zu einer eigens daf\u00fcr geschriebenen Geschichte verwoben werden. Dazu werden Lieder ausgesucht, welche in dieser Form nicht als Chornoten erh\u00e4ltlich sind. Sie werden vom Arrangeur Wieland Reissmann f\u00fcr die Chor- und Orchersterbesetzung eingerichtet.\u00a0<\/span><\/p>\n<p><span style=\"font-family: arial, helvetica, sans-serif; font-size: small;\">\u00a0<\/span><\/p>\n<p><span style=\"font-family: arial, helvetica, sans-serif; font-size: small;\">Die Geschichte wird f\u00fcr die Konzerte in einem Tonstudio mit Sprechprofis aufgezeichnet. Sie bildet bei den Auff\u00fchrungen den roten Faden und verbindet die St\u00fccke, die das ganze Spektrum von Klassik, Rock, Pop bis zu Jazz umfassen. Zusammengef\u00fcgt wird das Ganze von Mathias Behrends, der seit 2008 den Belper Chor leitet. Das letzte Projekt konnte in Bern und in Dubrovnik aufgef\u00fchrt werden. Die Geschichte wurde dazu auf Kroatisch \u00fcbersetzt.<\/span><\/p>\n<p>\u00a0<\/p>\n<p><span style=\"font-family: arial, helvetica, sans-serif; font-size: small;\">Die aktuelle Konzertgeschichte unter dem Titel \u00abDie Nacht der grossen Gef\u00fchle\u00bb, wurde im Herbst 2017 im Menuhin Forum in Bern aufgef\u00fchrt. Sie handelt in Frankfurt, wo eine junge Frau mit Namen Sophia ihren Verlobten sucht, welcher nicht wie vereinbart zum Theaterbesuch eingetroffen ist.<\/span><\/p>\n<p><span style=\"font-family: arial, helvetica, sans-serif; font-size: small;\"><strong>Mehr Infos:<\/strong>\u00a0<a href=\"http:\/\/www.belperchor.ch\" target=\"_blank\" rel=\"noopener noreferrer\">www.belperchor.ch<\/a> <\/span><\/p>\n<p>\u00a0<\/p>\n<p>\u00a0<\/p>\n","protected":false},"excerpt":{"rendered":"<p><span style=\"font-family: arial, helvetica, sans-serif; font-size: small;\">20.04.2018 &#8211; Der Belper Chor hat unter der Leitung von Mathias Behrends, dem Leiter des Schweizer Opernstudios der Hochschule der K\u00fcnste Bern, ein neues Konzertformat f\u00fcr Laiench\u00f6re entwickelt und nun auch auf CD dokumentiert. Teil davon ist eine Zusammenarbeit mit der Camerata Zagreb.<\/span><\/p>\n","protected":false},"author":1,"featured_media":0,"comment_status":"open","ping_status":"open","sticky":false,"template":"","format":"standard","meta":{"footnotes":""},"categories":[2],"tags":[],"class_list":["post-3434","post","type-post","status-publish","format-standard","hentry","category-nachrichten","entry"],"_links":{"self":[{"href":"https:\/\/codexflores.ch\/index.php\/wp-json\/wp\/v2\/posts\/3434","targetHints":{"allow":["GET"]}}],"collection":[{"href":"https:\/\/codexflores.ch\/index.php\/wp-json\/wp\/v2\/posts"}],"about":[{"href":"https:\/\/codexflores.ch\/index.php\/wp-json\/wp\/v2\/types\/post"}],"author":[{"embeddable":true,"href":"https:\/\/codexflores.ch\/index.php\/wp-json\/wp\/v2\/users\/1"}],"replies":[{"embeddable":true,"href":"https:\/\/codexflores.ch\/index.php\/wp-json\/wp\/v2\/comments?post=3434"}],"version-history":[{"count":0,"href":"https:\/\/codexflores.ch\/index.php\/wp-json\/wp\/v2\/posts\/3434\/revisions"}],"wp:attachment":[{"href":"https:\/\/codexflores.ch\/index.php\/wp-json\/wp\/v2\/media?parent=3434"}],"wp:term":[{"taxonomy":"category","embeddable":true,"href":"https:\/\/codexflores.ch\/index.php\/wp-json\/wp\/v2\/categories?post=3434"},{"taxonomy":"post_tag","embeddable":true,"href":"https:\/\/codexflores.ch\/index.php\/wp-json\/wp\/v2\/tags?post=3434"}],"curies":[{"name":"wp","href":"https:\/\/api.w.org\/{rel}","templated":true}]}}