{"id":3436,"date":"2018-04-25T05:43:12","date_gmt":"2018-04-25T05:43:12","guid":{"rendered":"https:\/\/codexflores.ch\/index.php\/2018\/04\/25\/pijanka-intendantin-der-su-dwestdeutschen-philharmonie-konstanz\/"},"modified":"2018-04-25T05:43:12","modified_gmt":"2018-04-25T05:43:12","slug":"pijanka-intendantin-der-su-dwestdeutschen-philharmonie-konstanz","status":"publish","type":"post","link":"https:\/\/codexflores.ch\/index.php\/2018\/04\/25\/pijanka-intendantin-der-su-dwestdeutschen-philharmonie-konstanz\/","title":{"rendered":"Pijanka Intendantin der Su\u0308dwestdeutschen Philharmonie Konstanz"},"content":{"rendered":"<p><span style=\"font-family: arial, helvetica, sans-serif; font-size: small;\">25.04.2018 &#8212; Der Konstanzer Gemeinderat hat Insa Pijanka zur Intendantin der\u00a0Su\u0308dwestdeutschen Philharmonie Konstanz ernannt. Die Mannheimer Orchestermanagerin folgt auf Beat Fehlmann, der das Amt nach f\u00fcnf Jahren abgibt.<\/span><\/p>\n<p><span style=\"font-family: arial, helvetica, sans-serif; font-size: small;\"><strong>25.04.2018 &#8212; Der Konstanzer Gemeinderat hat Insa Pijanka zur Intendantin der\u00a0Su\u0308dwestdeutschen Philharmonie Konstanz ernannt. Die Mannheimer Orchestermanagerin folgt auf Beat Fehlmann, der das Amt nach f\u00fcnf Jahren abgibt.<\/strong><\/span><\/p>\n<p>\u00a0<\/p>\n<p><span style=\"font-family: arial, helvetica, sans-serif; font-size: small;\">Die 1974 in Mannheim geborene Insa Pijanka hat an der Universit\u00e4t Mannheim und der London School of Economics and Political Science Politische Wissenschaften, Neuere Geschichte, Wirtschafts- und Sozialgeschichte und Soziologie studiert. Ab 2002 war sei am Staatstheater Kassel Konzertdramaturgin und Orchesterdirektorin. 2007 gr\u00fcndete sie gemeinsam mit GMD Patrik Ringborg die Orchesterakademie des Staatsorchesters Kassel.<\/span><\/p>\n<p><span style=\"font-family: arial, helvetica, sans-serif; font-size: small;\">Pijanka arbeitet als Dramaturgin immer wieder in den Bereichen Oper, Musical und Schauspiel und f\u00fchrt als Moderatorin durch Konzerte, Galaprogramme und Open Airs. 2016 wurde sie zur Ersten Vorsitzenden des F\u00f6rdervereins des Kammerorchesters Louis Spohr gew\u00e4hlt. Seit 2017 ist sie zudem f\u00fcr das Management des Ensembles verantwortlich. <em>(cf)<\/em><\/span><\/p>\n<p>\u00a0<\/p>\n","protected":false},"excerpt":{"rendered":"<p><span style=\"font-family: arial, helvetica, sans-serif; font-size: small;\">25.04.2018 &#8212; Der Konstanzer Gemeinderat hat Insa Pijanka zur Intendantin der\u00a0Su\u0308dwestdeutschen Philharmonie Konstanz ernannt. Die Mannheimer Orchestermanagerin folgt auf Beat Fehlmann, der das Amt nach f\u00fcnf Jahren abgibt.<\/span><\/p>\n","protected":false},"author":1,"featured_media":0,"comment_status":"open","ping_status":"open","sticky":false,"template":"","format":"standard","meta":{"footnotes":""},"categories":[2],"tags":[],"class_list":["post-3436","post","type-post","status-publish","format-standard","hentry","category-nachrichten","entry"],"_links":{"self":[{"href":"https:\/\/codexflores.ch\/index.php\/wp-json\/wp\/v2\/posts\/3436","targetHints":{"allow":["GET"]}}],"collection":[{"href":"https:\/\/codexflores.ch\/index.php\/wp-json\/wp\/v2\/posts"}],"about":[{"href":"https:\/\/codexflores.ch\/index.php\/wp-json\/wp\/v2\/types\/post"}],"author":[{"embeddable":true,"href":"https:\/\/codexflores.ch\/index.php\/wp-json\/wp\/v2\/users\/1"}],"replies":[{"embeddable":true,"href":"https:\/\/codexflores.ch\/index.php\/wp-json\/wp\/v2\/comments?post=3436"}],"version-history":[{"count":0,"href":"https:\/\/codexflores.ch\/index.php\/wp-json\/wp\/v2\/posts\/3436\/revisions"}],"wp:attachment":[{"href":"https:\/\/codexflores.ch\/index.php\/wp-json\/wp\/v2\/media?parent=3436"}],"wp:term":[{"taxonomy":"category","embeddable":true,"href":"https:\/\/codexflores.ch\/index.php\/wp-json\/wp\/v2\/categories?post=3436"},{"taxonomy":"post_tag","embeddable":true,"href":"https:\/\/codexflores.ch\/index.php\/wp-json\/wp\/v2\/tags?post=3436"}],"curies":[{"name":"wp","href":"https:\/\/api.w.org\/{rel}","templated":true}]}}