{"id":3437,"date":"2018-04-25T05:53:30","date_gmt":"2018-04-25T05:53:30","guid":{"rendered":"https:\/\/codexflores.ch\/index.php\/2018\/04\/25\/die-societe-de-musique-de-la-chaux-de-fonds-feiert-jubilaeum\/"},"modified":"2018-04-25T05:53:30","modified_gmt":"2018-04-25T05:53:30","slug":"die-societe-de-musique-de-la-chaux-de-fonds-feiert-jubilaeum","status":"publish","type":"post","link":"https:\/\/codexflores.ch\/index.php\/2018\/04\/25\/die-societe-de-musique-de-la-chaux-de-fonds-feiert-jubilaeum\/","title":{"rendered":"Die Soci\u00e9t\u00e9 de Musique de La Chaux-de-Fonds feiert Jubil\u00e4um"},"content":{"rendered":"<p><span style=\"font-family: arial, helvetica, sans-serif; font-size: small;\">25.04.2018 &#8212; Vom 23. Oktober 2017 bis zum 4. Mai 2018 feiert die Soci\u00e9t\u00e9 de Musique de La Chaux-de-Fonds ihr 125-j\u00e4hriges Jubil\u00e4um. Sie erm\u00f6glichte in der Stadt einst Auftritte von Legenden wie Lipatti, Ansermet, Backhaus oder Cortot.<\/span><\/p>\n<p><span style=\"font-family: arial, helvetica, sans-serif; font-size: small;\"><strong>25.04.2018 &#8212; Vom 23. Oktober 2017 bis zum 4. Mai 2018 feiert die Soci\u00e9t\u00e9 de Musique de La Chaux-de-Fonds ihr 125-j\u00e4hriges Jubil\u00e4um. Sie erm\u00f6glichte in der Stadt einst Auftritte von Legenden wie Lipatti, Ansermet, Backhaus oder Cortot.<\/strong><\/span><\/p>\n<p><span style=\"font-family: arial, helvetica, sans-serif; font-size: small;\">\u00a0<\/span><\/p>\n<p><span style=\"font-family: arial, helvetica, sans-serif; font-size: small;\">1947 gastierte Georges Enesco im Theater der Stadt. Auf ihn folgten Lipatti, Ansermet, Backhaus, Cortot und andere grosse Namen, die La Chaux-de-Fonds den Schritt in die internationale Musikwelt erm\u00f6glichten. Ab 1955 wurden die Konzerte im Musiksaal veranstaltet. Die neuen R\u00e4umlichkeiten wurden von Karl Schuricht mit Beethovens Neunter eingeweiht (das Konzert wurde am 6. November 2015 zum 60. Jubil\u00e4um des Musiksaals erneut gespielt). Die Akustik des Saals sorgte f\u00fcr Aufsehen und hatte einen entscheidenden Einfluss auf die erfolgreiche Entwicklung des Ortes.<\/span><\/p>\n<p><span style=\"font-family: arial, helvetica, sans-serif; font-size: small;\">\u00a0<\/span><\/p>\n<p><span style=\"font-family: arial, helvetica, sans-serif; font-size: small;\">In der Jubil\u00e4umssaison zu Gast sind unter anderem Truls M\u00f8rk, Vilde Frang, das Basler Kammerorchester, das Trio Wanderer, Reinhold Friedrich, Renaud Capu\u00e7on und die Camerata Salzburg. Im M\u00e4rz gastieren das Kammerorchester Orfeo 55 und seine Chefin Nathalie Stutzmann in der Stadt. <em>(cf)<\/p>\n<p><\/em><strong>Mehr Infos:<\/strong> <\/span><a href=\"https:\/\/musiquecdf.ch\/saison-f-d\/\" target=\"_blank\" rel=\"noopener noreferrer\"><span style=\"font-family: arial, helvetica, sans-serif; font-size: small;\">musiquecdf.ch\/saison-f-d<\/span><em><br \/><\/em><\/a><\/p>\n<p>\u00a0<\/p>\n","protected":false},"excerpt":{"rendered":"<p><span style=\"font-family: arial, helvetica, sans-serif; font-size: small;\">25.04.2018 &#8212; Vom 23. Oktober 2017 bis zum 4. Mai 2018 feiert die Soci\u00e9t\u00e9 de Musique de La Chaux-de-Fonds ihr 125-j\u00e4hriges Jubil\u00e4um. Sie erm\u00f6glichte in der Stadt einst Auftritte von Legenden wie Lipatti, Ansermet, Backhaus oder Cortot.<\/span><\/p>\n","protected":false},"author":1,"featured_media":0,"comment_status":"open","ping_status":"open","sticky":false,"template":"","format":"standard","meta":{"footnotes":""},"categories":[2],"tags":[],"class_list":["post-3437","post","type-post","status-publish","format-standard","hentry","category-nachrichten","entry"],"_links":{"self":[{"href":"https:\/\/codexflores.ch\/index.php\/wp-json\/wp\/v2\/posts\/3437","targetHints":{"allow":["GET"]}}],"collection":[{"href":"https:\/\/codexflores.ch\/index.php\/wp-json\/wp\/v2\/posts"}],"about":[{"href":"https:\/\/codexflores.ch\/index.php\/wp-json\/wp\/v2\/types\/post"}],"author":[{"embeddable":true,"href":"https:\/\/codexflores.ch\/index.php\/wp-json\/wp\/v2\/users\/1"}],"replies":[{"embeddable":true,"href":"https:\/\/codexflores.ch\/index.php\/wp-json\/wp\/v2\/comments?post=3437"}],"version-history":[{"count":0,"href":"https:\/\/codexflores.ch\/index.php\/wp-json\/wp\/v2\/posts\/3437\/revisions"}],"wp:attachment":[{"href":"https:\/\/codexflores.ch\/index.php\/wp-json\/wp\/v2\/media?parent=3437"}],"wp:term":[{"taxonomy":"category","embeddable":true,"href":"https:\/\/codexflores.ch\/index.php\/wp-json\/wp\/v2\/categories?post=3437"},{"taxonomy":"post_tag","embeddable":true,"href":"https:\/\/codexflores.ch\/index.php\/wp-json\/wp\/v2\/tags?post=3437"}],"curies":[{"name":"wp","href":"https:\/\/api.w.org\/{rel}","templated":true}]}}