{"id":3438,"date":"2018-04-30T05:47:33","date_gmt":"2018-04-30T05:47:33","guid":{"rendered":"https:\/\/codexflores.ch\/index.php\/2018\/04\/30\/de-geneve\/"},"modified":"2018-04-30T05:47:33","modified_gmt":"2018-04-30T05:47:33","slug":"de-geneve","status":"publish","type":"post","link":"https:\/\/codexflores.ch\/index.php\/2018\/04\/30\/de-geneve\/","title":{"rendered":"Die kommende Saison des Grand Th\u00e9\u00e2tre de Gen\u00e8ve"},"content":{"rendered":"<p><span style=\"font-family: arial, helvetica, sans-serif; font-size: small;\">30.04.2018 &#8212; Im Grand Th\u00e9\u00e2tre de Gen\u00e8ve stehen in der kommenden Saision, der letzten des Generaldirektors Tobias Richter, drei Neuproduktionen auf dem Spielplan: <em>Carmen, Boris Godunow <\/em>und<em> Un ballo in maschera<\/em>. Zudem kehrt die Truppe zur\u00fcck ins Theater an der Place de Neuve.<\/span><\/p>\n<p><span style=\"font-family: arial, helvetica, sans-serif; font-size: small;\"><strong>30.04.2018 &#8212; Im Grand Th\u00e9\u00e2tre de Gen\u00e8ve stehen in der kommenden Saision, der letzten des Generaldirektors Tobias Richter, drei Neuproduktionen auf dem Spielplan: <em>Carmen, Boris Godunow <\/em>und<em> Un ballo in maschera<\/em>. Zudem kehrt die Truppe zur\u00fcck ins Theater an der Place de Neuve.<\/strong><\/span><\/p>\n<p><span style=\"font-family: arial, helvetica, sans-serif; font-size: small;\">\u00a0<\/span><\/p>\n<p><span style=\"font-family: arial, helvetica, sans-serif; font-size: small;\">Bizets <em>Carmen<\/em> ist in einer Interpretation von Reinhild Hoffmann zu sehen,<em> Boris Godunow<\/em> von Mussorgsky inszeniert von Matthias Hartmann und <em>Un ballo in maschera<\/em> in einer Inszenierung von Giancarlo del Monaco und Richard Peduzzi. Im Graben wird das Orchestre de la Suisse Romande (OSR) vier Produktionen begleiten. Des Weiteren spielen L\u2019Orchestre de Chambre de Gen\u00e8ve (L\u2019OCG), die Cappella Mediterranea und das Ensemble MusicAeterna aus Perm. Als Koproduktion mit der Op\u00e9ra National de Lyon und dem Gran Teatre del Liceu kommt <em>Viva la Mamma!<\/em> heraus und mit der English National Opera <em>M\u00e9d\u00e9e<\/em>.<\/span><\/p>\n<p><span style=\"font-family: arial, helvetica, sans-serif; font-size: small;\">\u00a0<\/span><\/p>\n<p><span style=\"font-family: arial, helvetica, sans-serif; font-size: small;\">Als H\u00f6hepunkt dieser Saison wird im Februar 2019 mit Wagners <em>Ring des Nibelungen<\/em> in der Inszenierung von Dieter Dorn das angestammte Haus an der Place de Neuve wiederer\u00f6ffnet. Auf <em>Das Rheingold<\/em> am 12. Februar folgen bis zum 17. M\u00e4rz <em>Die Walk\u00fcre<\/em>, <em>Siegfried<\/em> und <em>G\u00f6tterd\u00e4mmerung<\/em> in drei kompletten Zyklen. Als eine der wichtigsten Wagners\u00e4ngerinnen unserer Zeit wird Petra Lang als Br\u00fcnnhilde nach Genf zur\u00fcckkehren.<\/span><\/p>\n<p><span style=\"font-family: arial, helvetica, sans-serif; font-size: small;\">\u00a0<\/span><\/p>\n<p><span style=\"font-family: arial, helvetica, sans-serif; font-size: small;\">Das von Jacques-\u00c9lis\u00e9e Goss entworfene und 1879 er\u00f6ffnete Grand Th\u00e9\u00e2tre de Gen\u00e8ve wurde drei Jahre lang saniert. Anfang 2019 wird das Publikum die Foyers mit ihren Gem\u00e4lden in ihrem urspr\u00fcnglichen Glanz bewundern k\u00f6nnen. Ausserdem werden die gastronomischen R\u00e4umlichkeiten neu gestaltet und B\u00fcros sowie Probenr\u00e4ume renoviert sein. <em>(cf)<\/em><\/span><\/p>\n<p><span style=\"font-family: arial, helvetica, sans-serif; font-size: small;\">\u00a0<\/span><\/p>\n<p><span style=\"font-family: arial, helvetica, sans-serif; font-size: small;\">\u00a0<\/span><\/p>\n","protected":false},"excerpt":{"rendered":"<p><span style=\"font-family: arial, helvetica, sans-serif; font-size: small;\">30.04.2018 &#8212; Im Grand Th\u00e9\u00e2tre de Gen\u00e8ve stehen in der kommenden Saision, der letzten des Generaldirektors Tobias Richter, drei Neuproduktionen auf dem Spielplan: <em>Carmen, Boris Godunow <\/em>und<em> Un ballo in maschera<\/em>. Zudem kehrt die Truppe zur\u00fcck ins Theater an der Place de Neuve.<\/span><\/p>\n","protected":false},"author":1,"featured_media":0,"comment_status":"open","ping_status":"open","sticky":false,"template":"","format":"standard","meta":{"footnotes":""},"categories":[2],"tags":[],"class_list":["post-3438","post","type-post","status-publish","format-standard","hentry","category-nachrichten","entry"],"_links":{"self":[{"href":"https:\/\/codexflores.ch\/index.php\/wp-json\/wp\/v2\/posts\/3438","targetHints":{"allow":["GET"]}}],"collection":[{"href":"https:\/\/codexflores.ch\/index.php\/wp-json\/wp\/v2\/posts"}],"about":[{"href":"https:\/\/codexflores.ch\/index.php\/wp-json\/wp\/v2\/types\/post"}],"author":[{"embeddable":true,"href":"https:\/\/codexflores.ch\/index.php\/wp-json\/wp\/v2\/users\/1"}],"replies":[{"embeddable":true,"href":"https:\/\/codexflores.ch\/index.php\/wp-json\/wp\/v2\/comments?post=3438"}],"version-history":[{"count":0,"href":"https:\/\/codexflores.ch\/index.php\/wp-json\/wp\/v2\/posts\/3438\/revisions"}],"wp:attachment":[{"href":"https:\/\/codexflores.ch\/index.php\/wp-json\/wp\/v2\/media?parent=3438"}],"wp:term":[{"taxonomy":"category","embeddable":true,"href":"https:\/\/codexflores.ch\/index.php\/wp-json\/wp\/v2\/categories?post=3438"},{"taxonomy":"post_tag","embeddable":true,"href":"https:\/\/codexflores.ch\/index.php\/wp-json\/wp\/v2\/tags?post=3438"}],"curies":[{"name":"wp","href":"https:\/\/api.w.org\/{rel}","templated":true}]}}