{"id":3442,"date":"2018-05-07T06:08:15","date_gmt":"2018-05-07T06:08:15","guid":{"rendered":"https:\/\/codexflores.ch\/index.php\/2018\/05\/07\/partizipative-prozesse-in-der-kulturszene\/"},"modified":"2018-05-07T06:08:15","modified_gmt":"2018-05-07T06:08:15","slug":"partizipative-prozesse-in-der-kulturszene","status":"publish","type":"post","link":"https:\/\/codexflores.ch\/index.php\/2018\/05\/07\/partizipative-prozesse-in-der-kulturszene\/","title":{"rendered":"Partizipative Prozesse in der Kulturszene"},"content":{"rendered":"<p><span style=\"font-family: arial, helvetica, sans-serif; font-size: small;\">07.05.2018 &#8212; Eine Konferenz an der HfK Bremen besch\u00e4ftigt sich, angelehnt an Open-Source-Strategien in der Softwareentwicklung, mit der F\u00f6rderung von kollaborativen Prozessen in der Kulturszene. Mit von der Partie sind auch Berner und Z\u00fcrcher Akteure.<\/span><\/p>\n<p><span style=\"font-family: arial, helvetica, sans-serif; font-size: small;\"><strong>07.05.2018 &#8212; Eine Konferenz an der HfK Bremen besch\u00e4ftigt sich, angelehnt an Open-Source-Strategien in der Softwareentwicklung, mit der F\u00f6rderung von kollaborativen Prozessen in der Kulturszene. Mit von der Partie sind auch Berner und Z\u00fcrcher Akteure.<\/strong><\/span><\/p>\n<p><span style=\"font-family: arial, helvetica, sans-serif; font-size: small;\">\u00a0<\/span><\/p>\n<p><span style=\"font-family: arial, helvetica, sans-serif; font-size: small;\">Die Konferenz an der Hochschule f\u00fcr K\u00fcnste Bremen vom 28. bis 30. Mai will diskutieren und auch praktisch erproben, was ein \u00abDynamisches Archiv\u00bb leisten kann. Dabei handelt es sich um ein Archiv als \u00ab\u00f6ffentlich zug\u00e4ngliches, sich stetig erweiterndes Netzwerk, das Studierende der Hochschule f\u00fcr K\u00fcnste aus den unterschiedlichen Feldern\u00bb und aktive Kunstschaffende \u2013 insbesondere aus der Medienkunst und dem Gestaltungs-, Theater- sowie Performancebereich \u2013 zusammenbringt.<\/span><\/p>\n<p><span style=\"font-family: arial, helvetica, sans-serif; font-size: small;\">\u00a0<\/span><\/p>\n<p><span style=\"font-family: arial, helvetica, sans-serif; font-size: small;\">Performances, Vortr\u00e4ge und Gespr\u00e4chsrunde besch\u00e4ftigen sich an der Konferenz auch mit Fragen zur Autorschaft und zum Copyright. Beitr\u00e4ge steuern dazu auch Thomas Str\u00e4ssle sowie das Duo\u00a0 Christoph Wachter &amp; Mathias Jud bei. Thomas Str\u00e4ssle ist unter anderem Leiter des Y Instituts f\u00fcr Transdisziplinarit\u00e4t an der Hochschule der K\u00fcnste Bern.\u00a0Christoph Wachter und Mathias Jud, die in Z\u00fcrich und Berlin leben, arbeiten gemeinsam seit 2000 an partizipativen Community-Projekten.<em> (cf)<\/p>\n<p><\/em><strong><br \/>Mehr Infos:<\/strong> <a href=\"http:\/\/dasdynamischearchiv.de\/\" target=\"_blank\" rel=\"noopener noreferrer\">dasdynamischearchiv.de<\/a><em><br \/><\/em><\/span><\/p>\n","protected":false},"excerpt":{"rendered":"<p><span style=\"font-family: arial, helvetica, sans-serif; font-size: small;\">07.05.2018 &#8212; Eine Konferenz an der HfK Bremen besch\u00e4ftigt sich, angelehnt an Open-Source-Strategien in der Softwareentwicklung, mit der F\u00f6rderung von kollaborativen Prozessen in der Kulturszene. Mit von der Partie sind auch Berner und Z\u00fcrcher Akteure.<\/span><\/p>\n","protected":false},"author":1,"featured_media":0,"comment_status":"open","ping_status":"open","sticky":false,"template":"","format":"standard","meta":{"footnotes":""},"categories":[2],"tags":[],"class_list":["post-3442","post","type-post","status-publish","format-standard","hentry","category-nachrichten","entry"],"_links":{"self":[{"href":"https:\/\/codexflores.ch\/index.php\/wp-json\/wp\/v2\/posts\/3442","targetHints":{"allow":["GET"]}}],"collection":[{"href":"https:\/\/codexflores.ch\/index.php\/wp-json\/wp\/v2\/posts"}],"about":[{"href":"https:\/\/codexflores.ch\/index.php\/wp-json\/wp\/v2\/types\/post"}],"author":[{"embeddable":true,"href":"https:\/\/codexflores.ch\/index.php\/wp-json\/wp\/v2\/users\/1"}],"replies":[{"embeddable":true,"href":"https:\/\/codexflores.ch\/index.php\/wp-json\/wp\/v2\/comments?post=3442"}],"version-history":[{"count":0,"href":"https:\/\/codexflores.ch\/index.php\/wp-json\/wp\/v2\/posts\/3442\/revisions"}],"wp:attachment":[{"href":"https:\/\/codexflores.ch\/index.php\/wp-json\/wp\/v2\/media?parent=3442"}],"wp:term":[{"taxonomy":"category","embeddable":true,"href":"https:\/\/codexflores.ch\/index.php\/wp-json\/wp\/v2\/categories?post=3442"},{"taxonomy":"post_tag","embeddable":true,"href":"https:\/\/codexflores.ch\/index.php\/wp-json\/wp\/v2\/tags?post=3442"}],"curies":[{"name":"wp","href":"https:\/\/api.w.org\/{rel}","templated":true}]}}