{"id":3446,"date":"2018-05-11T06:12:10","date_gmt":"2018-05-11T06:12:10","guid":{"rendered":"https:\/\/codexflores.ch\/index.php\/2018\/05\/11\/solobratscher-der-berliner-gibt-amt-zugunsten-genfer-lehrauftrag-ab\/"},"modified":"2018-05-11T06:12:10","modified_gmt":"2018-05-11T06:12:10","slug":"solobratscher-der-berliner-gibt-amt-zugunsten-genfer-lehrauftrag-ab","status":"publish","type":"post","link":"https:\/\/codexflores.ch\/index.php\/2018\/05\/11\/solobratscher-der-berliner-gibt-amt-zugunsten-genfer-lehrauftrag-ab\/","title":{"rendered":"Solobratscher der Berliner gibt Amt zugunsten Genfer Lehrauftrag ab"},"content":{"rendered":"<p><span style=\"font-family: arial, helvetica, sans-serif; font-size: small;\">11.05.2018 &#8212; Der ungarische Bratschist M\u00e1t\u00e9 Sz\u0171cs gibt sein Amt als erster Solobratscher der Berliner Philharmoniker ab \u2013 zugunsten einer Professur am Genfer Konservatorium. Er folgt in der Rhonestadt auf Nobko Imai.<\/span><\/p>\n<p><span style=\"font-family: arial, helvetica, sans-serif; font-size: small;\"><strong>11.05.2018 &#8212; Der ungarische Bratschist M\u00e1t\u00e9 Sz\u0171cs gibt sein Amt als erster Solobratscher der Berliner Philharmoniker ab \u2013 zugunsten einer Professur am Genfer Konservatorium. Er folgt in der Rhonestadt auf Nobko Imai.<\/strong><\/span><\/p>\n<p><span style=\"font-family: arial, helvetica, sans-serif; font-size: small;\">\u00a0<\/span><\/p>\n<p><span style=\"font-family: arial, helvetica, sans-serif; font-size: small;\">Sz\u0171cs absolvierte ein Violinstudium bei Ferenc Szecs\u00f6di am Konservatorium in Szeged, wechselte 1996 zur Bratsche und wurde Sch\u00fcler von Ervin Schiffer, der ihm am K\u00f6niglichen Konservatorium in Br\u00fcssel und an der Chapelle Musicale Reine Elisabeth in Waterloo unterrichtete. Es folgte von 2000 bis 2005 ein Studium bei Leo de Neve am K\u00f6niglichen Konservatorium von Antwerpen, das M\u00e1t\u00e9 Sz\u0171cs mit Auszeichnung abschloss. <\/span><\/p>\n<p>\u00a0<\/p>\n<p><span style=\"font-family: arial, helvetica, sans-serif; font-size: small;\">Ab 2003 amtete er als Orchestermusiker und Solo-Bratscher beim Fl\u00e4mischen K\u00f6niglichen Philharmonischen Orchester in Antwerpen, den Bamberger Symphonikern, der S\u00e4chsische Staatskapelle Dresden, dem hr-Sinfonieorchester und der Deutsche Kammerphilharmonie Bremen (Solo-Bratscher von 2008 bis 2012). 2011 stiess er zu den Berliner Philharmonikern. Seit 2006 ist er \u00fcberdies Dozent beim Thy Chamber Music Festival in D\u00e4nemark. <em>(cf)<\/em><\/span><\/p>\n","protected":false},"excerpt":{"rendered":"<p><span style=\"font-family: arial, helvetica, sans-serif; font-size: small;\">11.05.2018 &#8212; Der ungarische Bratschist M\u00e1t\u00e9 Sz\u0171cs gibt sein Amt als erster Solobratscher der Berliner Philharmoniker ab \u2013 zugunsten einer Professur am Genfer Konservatorium. Er folgt in der Rhonestadt auf Nobko Imai.<\/span><\/p>\n","protected":false},"author":1,"featured_media":0,"comment_status":"open","ping_status":"open","sticky":false,"template":"","format":"standard","meta":{"footnotes":""},"categories":[2],"tags":[],"class_list":["post-3446","post","type-post","status-publish","format-standard","hentry","category-nachrichten","entry"],"_links":{"self":[{"href":"https:\/\/codexflores.ch\/index.php\/wp-json\/wp\/v2\/posts\/3446","targetHints":{"allow":["GET"]}}],"collection":[{"href":"https:\/\/codexflores.ch\/index.php\/wp-json\/wp\/v2\/posts"}],"about":[{"href":"https:\/\/codexflores.ch\/index.php\/wp-json\/wp\/v2\/types\/post"}],"author":[{"embeddable":true,"href":"https:\/\/codexflores.ch\/index.php\/wp-json\/wp\/v2\/users\/1"}],"replies":[{"embeddable":true,"href":"https:\/\/codexflores.ch\/index.php\/wp-json\/wp\/v2\/comments?post=3446"}],"version-history":[{"count":0,"href":"https:\/\/codexflores.ch\/index.php\/wp-json\/wp\/v2\/posts\/3446\/revisions"}],"wp:attachment":[{"href":"https:\/\/codexflores.ch\/index.php\/wp-json\/wp\/v2\/media?parent=3446"}],"wp:term":[{"taxonomy":"category","embeddable":true,"href":"https:\/\/codexflores.ch\/index.php\/wp-json\/wp\/v2\/categories?post=3446"},{"taxonomy":"post_tag","embeddable":true,"href":"https:\/\/codexflores.ch\/index.php\/wp-json\/wp\/v2\/tags?post=3446"}],"curies":[{"name":"wp","href":"https:\/\/api.w.org\/{rel}","templated":true}]}}