{"id":3447,"date":"2018-05-14T05:52:26","date_gmt":"2018-05-14T05:52:26","guid":{"rendered":"https:\/\/codexflores.ch\/index.php\/2018\/05\/14\/nominationen-fuer-johannes-th-eschen-preis\/"},"modified":"2018-05-14T05:52:26","modified_gmt":"2018-05-14T05:52:26","slug":"nominationen-fuer-johannes-th-eschen-preis","status":"publish","type":"post","link":"https:\/\/codexflores.ch\/index.php\/2018\/05\/14\/nominationen-fuer-johannes-th-eschen-preis\/","title":{"rendered":"Nominationen f\u00fcr Johannes-Th.-Eschen-Preis"},"content":{"rendered":"<p><span style=\"font-family: arial, helvetica, sans-serif; font-size: small;\">14.05.2018 &#8212; Sieben Abschlussarbeiten von jungen Musiktherapeutinnen und Musiktherapeuten aus den deutschsprachigen L\u00e4ndern sind f\u00fcr den Johannes-Th.-Eschen-Preis 2018 der Deutschen Musiktherapeutischen Gesellschaft (DMtG) nominiert, darunter eine aus Z\u00fcrich.<\/span><\/p>\n<p><span style=\"font-family: arial, helvetica, sans-serif; font-size: small;\"><strong>14.05.2018 &#8212; Sieben Abschlussarbeiten von jungen Musiktherapeutinnen und Musiktherapeuten aus den deutschsprachigen L\u00e4ndern sind f\u00fcr den Johannes-Th.-Eschen-Preis 2018 der Deutschen Musiktherapeutischen Gesellschaft (DMtG) nominiert, darunter eine aus Z\u00fcrich.<\/strong><\/span><\/p>\n<p><span style=\"font-family: arial, helvetica, sans-serif; font-size: small;\">\u00a0<\/span><\/p>\n<p><span style=\"font-family: arial, helvetica, sans-serif; font-size: small;\">Die nominierte Arbeiten stammen von \u00c9vi Forg\u00f3 Baer (\u00abMusiktherapie und Empathie bei jugendlichen und jungen erwachsenen Straft\u00e4tern\u00bb, Z\u00fcrcher Hochschule der K\u00fcnste in Kooperation mit der Interkantonalen Hochschule f\u00fcr Heilp\u00e4dagogik), Julica Bendixen (Hochschule f\u00fcr Musik und Theater Hamburg), Verena Fleissner (Universit\u00e4t f\u00fcr Musik und darstellende Kunst Wien), Monika Theresa Hoog Antink (Hochschule f\u00fcr Musik und Theater Hamburg), Daniela Lechner (Universit\u00e4t f\u00fcr Musik und darstellende Kunst Wien), Eugen Valentin Luz (Universit\u00e4t f\u00fcr Musik und darstellende Kunst Wien) und Anita Neudorfer ( IMC Fachhochschule Krems).<\/span><\/p>\n<p>\u00a0<\/p>\n<p><span style=\"font-family: arial, helvetica, sans-serif; font-size: small;\">Der Preis wurde von der Redaktion der Fachzeitschrift \u00abMusiktherapeutische Umschau\u00bb (MU) angeregt, die ihn mit der F\u00f6rderung durch die Deutsche Musiktherapeutische Gesellschaft organisiert. Er will junge deutschsprachige Autorinnen und Autoren bei ihrer musiktherapeutischen Forschungsarbeit unterst\u00fctzen und zur Qualit\u00e4tsentwicklung musiktherapeutischer Arbeiten beitragen.\u00a0Beim Eschen-Preis 2018 waren insgesamt 18 Bewerbungen eingegangen, jeweils etwa zu einem Drittel aus Deutschland, \u00d6sterreich und der Schweiz. <em>(cf)<\/em><\/span><\/p>\n","protected":false},"excerpt":{"rendered":"<p><span style=\"font-family: arial, helvetica, sans-serif; font-size: small;\">14.05.2018 &#8212; Sieben Abschlussarbeiten von jungen Musiktherapeutinnen und Musiktherapeuten aus den deutschsprachigen L\u00e4ndern sind f\u00fcr den Johannes-Th.-Eschen-Preis 2018 der Deutschen Musiktherapeutischen Gesellschaft (DMtG) nominiert, darunter eine aus Z\u00fcrich.<\/span><\/p>\n","protected":false},"author":1,"featured_media":0,"comment_status":"open","ping_status":"open","sticky":false,"template":"","format":"standard","meta":{"footnotes":""},"categories":[2],"tags":[],"class_list":["post-3447","post","type-post","status-publish","format-standard","hentry","category-nachrichten","entry"],"_links":{"self":[{"href":"https:\/\/codexflores.ch\/index.php\/wp-json\/wp\/v2\/posts\/3447","targetHints":{"allow":["GET"]}}],"collection":[{"href":"https:\/\/codexflores.ch\/index.php\/wp-json\/wp\/v2\/posts"}],"about":[{"href":"https:\/\/codexflores.ch\/index.php\/wp-json\/wp\/v2\/types\/post"}],"author":[{"embeddable":true,"href":"https:\/\/codexflores.ch\/index.php\/wp-json\/wp\/v2\/users\/1"}],"replies":[{"embeddable":true,"href":"https:\/\/codexflores.ch\/index.php\/wp-json\/wp\/v2\/comments?post=3447"}],"version-history":[{"count":0,"href":"https:\/\/codexflores.ch\/index.php\/wp-json\/wp\/v2\/posts\/3447\/revisions"}],"wp:attachment":[{"href":"https:\/\/codexflores.ch\/index.php\/wp-json\/wp\/v2\/media?parent=3447"}],"wp:term":[{"taxonomy":"category","embeddable":true,"href":"https:\/\/codexflores.ch\/index.php\/wp-json\/wp\/v2\/categories?post=3447"},{"taxonomy":"post_tag","embeddable":true,"href":"https:\/\/codexflores.ch\/index.php\/wp-json\/wp\/v2\/tags?post=3447"}],"curies":[{"name":"wp","href":"https:\/\/api.w.org\/{rel}","templated":true}]}}