{"id":3449,"date":"2018-05-16T06:17:56","date_gmt":"2018-05-16T06:17:56","guid":{"rendered":"https:\/\/codexflores.ch\/index.php\/2018\/05\/16\/broennimann-verlaengert-vertrag-mit-basel-sinfonietta\/"},"modified":"2018-05-16T06:17:56","modified_gmt":"2018-05-16T06:17:56","slug":"broennimann-verlaengert-vertrag-mit-basel-sinfonietta","status":"publish","type":"post","link":"https:\/\/codexflores.ch\/index.php\/2018\/05\/16\/broennimann-verlaengert-vertrag-mit-basel-sinfonietta\/","title":{"rendered":"Br\u00f6nnimann verl\u00e4ngert Vertrag mit Basel Sinfonietta"},"content":{"rendered":"<p><span style=\"font-family: arial, helvetica, sans-serif; font-size: small;\">16.05.2018 &#8212; Die Basel Sinfonietta verl\u00e4ngert die Zusammenarbeit mit ihrem Principal Conductor Baldur Br\u00f6nnimann bis und mit Saison 2021\/22.<\/span><\/p>\n<p><span style=\"font-family: arial, helvetica, sans-serif; font-size: small;\"><strong>16.05.2018 &#8212; Die Basel Sinfonietta verl\u00e4ngert die Zusammenarbeit mit ihrem Principal Conductor Baldur Br\u00f6nnimann bis und mit Saison 2021\/22.<\/strong><\/span><\/p>\n<p><span style=\"font-family: arial, helvetica, sans-serif; font-size: small;\">\u00a0<\/span><\/p>\n<p><span style=\"font-family: arial, helvetica, sans-serif; font-size: small;\">Mit Baldur Br\u00f6nnimann <\/span><span style=\"font-family: arial, helvetica, sans-serif; font-size: small;\">verf\u00fcgt d<\/span><span style=\"font-family: arial, helvetica, sans-serif; font-size: small;\">ie Basel Sinfonietta seit der Saison 2016\/17 \u00fcber einen Principal Conductor, der kontinuierlich mit dem Orchester zusammenarbeitet. Diese Zusammenarbeit mit dem auf zeitgen\u00f6ssische Musik spezialisierten Dirigenten ist bis und mit Saison 2021\/22 verl\u00e4ngert worden.<\/span><\/p>\n<p><span style=\"font-family: arial, helvetica, sans-serif; font-size: small;\">\u00a0<\/span><\/p>\n<p><span style=\"font-family: arial, helvetica, sans-serif; font-size: small;\">Als Erg\u00e4nzung zur Stelle des Principal Conductor wird auf die kommende Saison hin neu die Position eines Assistant Conductor geschaffen. Zusammen mit den neu ganzj\u00e4hrig vergebenen Praktikumspl\u00e4tzen f\u00fcr junge Orchestermusiker k\u00f6nne so die in der laufenden Saison lancierte \u00abBasel Sinfonietta Akademie\u00bb ausgebaut werden, schreibt das Ensemble in seiner Mitteilung. <em>(cf)<\/em><\/span><\/p>\n<p>\u00a0<\/p>\n","protected":false},"excerpt":{"rendered":"<p><span style=\"font-family: arial, helvetica, sans-serif; font-size: small;\">16.05.2018 &#8212; Die Basel Sinfonietta verl\u00e4ngert die Zusammenarbeit mit ihrem Principal Conductor Baldur Br\u00f6nnimann bis und mit Saison 2021\/22.<\/span><\/p>\n","protected":false},"author":1,"featured_media":0,"comment_status":"open","ping_status":"open","sticky":false,"template":"","format":"standard","meta":{"footnotes":""},"categories":[2],"tags":[],"class_list":["post-3449","post","type-post","status-publish","format-standard","hentry","category-nachrichten","entry"],"_links":{"self":[{"href":"https:\/\/codexflores.ch\/index.php\/wp-json\/wp\/v2\/posts\/3449","targetHints":{"allow":["GET"]}}],"collection":[{"href":"https:\/\/codexflores.ch\/index.php\/wp-json\/wp\/v2\/posts"}],"about":[{"href":"https:\/\/codexflores.ch\/index.php\/wp-json\/wp\/v2\/types\/post"}],"author":[{"embeddable":true,"href":"https:\/\/codexflores.ch\/index.php\/wp-json\/wp\/v2\/users\/1"}],"replies":[{"embeddable":true,"href":"https:\/\/codexflores.ch\/index.php\/wp-json\/wp\/v2\/comments?post=3449"}],"version-history":[{"count":0,"href":"https:\/\/codexflores.ch\/index.php\/wp-json\/wp\/v2\/posts\/3449\/revisions"}],"wp:attachment":[{"href":"https:\/\/codexflores.ch\/index.php\/wp-json\/wp\/v2\/media?parent=3449"}],"wp:term":[{"taxonomy":"category","embeddable":true,"href":"https:\/\/codexflores.ch\/index.php\/wp-json\/wp\/v2\/categories?post=3449"},{"taxonomy":"post_tag","embeddable":true,"href":"https:\/\/codexflores.ch\/index.php\/wp-json\/wp\/v2\/tags?post=3449"}],"curies":[{"name":"wp","href":"https:\/\/api.w.org\/{rel}","templated":true}]}}