{"id":3452,"date":"2018-05-22T05:56:15","date_gmt":"2018-05-22T05:56:15","guid":{"rendered":"https:\/\/codexflores.ch\/index.php\/2018\/05\/22\/knuesel-mit-dienemann-sonderpreis-ausgezeichnet\/"},"modified":"2018-05-22T05:56:15","modified_gmt":"2018-05-22T05:56:15","slug":"knuesel-mit-dienemann-sonderpreis-ausgezeichnet","status":"publish","type":"post","link":"https:\/\/codexflores.ch\/index.php\/2018\/05\/22\/knuesel-mit-dienemann-sonderpreis-ausgezeichnet\/","title":{"rendered":"Kn\u00fcsel mit Dienemann-Sonderpreis  ausgezeichnet"},"content":{"rendered":"<p><span style=\"font-family: arial, helvetica, sans-serif; font-size: small;\">22.05.2018 &#8212; Christian Kn\u00fcsel, der Chefdirigent des Neuen Orchesters Basel, ist mit dem mit 10&#8217;000 Franken dotierten Dienemann-Sonderpreis ausgezeichnet worden. Die Stiftung w\u00fcrdigt ihn als Dirigent, Leiter und Manager des 1982 gegr\u00fcndeten NOB Ensembles.<\/span><\/p>\n<p><span style=\"font-family: arial, helvetica, sans-serif; font-size: small;\"><strong>22.05.2018 &#8212; Christian Kn\u00fcsel, der Chefdirigent des Neuen Orchesters Basel, ist mit dem mit 10&#8217;000 Franken dotierten Dienemann-Sonderpreis ausgezeichnet worden. Die Stiftung w\u00fcrdigt ihn als Dirigent, Leiter und Manager des 1982 gegr\u00fcndeten NOB Ensembles.<\/strong><\/span><\/p>\n<p><span style=\"font-family: arial, helvetica, sans-serif; font-size: small;\">\u00a0 <\/span><\/p>\n<p><span style=\"font-family: arial, helvetica, sans-serif; font-size: small;\">Christian Kn\u00fcsel ist in Basel aufgewachsen. Sein Musikstudium f\u00fchrte ihn nach Luzern, Holland und in die USA. Die Dirigierausbildung und den Studiengang in Musikwissenschaft an der Universit\u00e4t Basel schloss er mit Auszeichnung ab. Christian Kn\u00fcsel ist als Dirigent auch im Ausland t\u00e4tig und nimmt Lehrauftr\u00e4ge an Musikhochschulen wahr.\u00a0 Das NOB leitet er seit 2012.<\/span><\/p>\n<p><span style=\"font-family: arial, helvetica, sans-serif; font-size: small;\">\u00a0<\/span><\/p>\n<p><span style=\"font-family: arial, helvetica, sans-serif; font-size: small;\">Das Neue Orchester Basel wird seit 2012 von Christian Kn\u00fcsel geleitet. Seit seiner Gr\u00fcndung 1982 hat das Orchester \u00fcber 400 Konzerte in Basel, in der Region, in weiteren Schweizer St\u00e4dten, zum Beispiel in der Tonhalle Z\u00fcrich, und im Ausland veranstaltet. Ein wichtiges Anliegen des Orchesters ist die Nachwuchsf\u00f6rderung. Der Klangk\u00f6rper setzt sich zusammen aus jungen Berufsmusikern und arbeitet mit etablierten und jungen Nachwuchssolisten zusammen. <\/span><\/p>\n<p><span style=\"font-family: arial, helvetica, sans-serif; font-size: small;\">\u00a0<\/span><\/p>\n<p><span style=\"font-family: arial, helvetica, sans-serif; font-size: small;\">Die <\/span><span style=\"font-family: arial, helvetica, sans-serif; font-size: small;\">1986 gegr\u00fcndete <\/span><span style=\"font-family: arial, helvetica, sans-serif; font-size: small;\">Marianne und Curt Dienemann-Stiftung mit Sitz in Luzern hat haupts\u00e4chlich zum Ziel, Ausbildungen im Bereich Musik und Werkentwicklungen im Bereich Literatur zu f\u00f6rdern. Sie wird vom Luzerner Stadtpr\u00e4sidenten, Beat Z\u00fcsli. pr\u00e4sidiert. <em>(cf)<\/em> <\/span><\/p>\n","protected":false},"excerpt":{"rendered":"<p><span style=\"font-family: arial, helvetica, sans-serif; font-size: small;\">22.05.2018 &#8212; Christian Kn\u00fcsel, der Chefdirigent des Neuen Orchesters Basel, ist mit dem mit 10&#8217;000 Franken dotierten Dienemann-Sonderpreis ausgezeichnet worden. Die Stiftung w\u00fcrdigt ihn als Dirigent, Leiter und Manager des 1982 gegr\u00fcndeten NOB Ensembles.<\/span><\/p>\n","protected":false},"author":1,"featured_media":0,"comment_status":"open","ping_status":"open","sticky":false,"template":"","format":"standard","meta":{"footnotes":""},"categories":[2],"tags":[],"class_list":["post-3452","post","type-post","status-publish","format-standard","hentry","category-nachrichten","entry"],"_links":{"self":[{"href":"https:\/\/codexflores.ch\/index.php\/wp-json\/wp\/v2\/posts\/3452","targetHints":{"allow":["GET"]}}],"collection":[{"href":"https:\/\/codexflores.ch\/index.php\/wp-json\/wp\/v2\/posts"}],"about":[{"href":"https:\/\/codexflores.ch\/index.php\/wp-json\/wp\/v2\/types\/post"}],"author":[{"embeddable":true,"href":"https:\/\/codexflores.ch\/index.php\/wp-json\/wp\/v2\/users\/1"}],"replies":[{"embeddable":true,"href":"https:\/\/codexflores.ch\/index.php\/wp-json\/wp\/v2\/comments?post=3452"}],"version-history":[{"count":0,"href":"https:\/\/codexflores.ch\/index.php\/wp-json\/wp\/v2\/posts\/3452\/revisions"}],"wp:attachment":[{"href":"https:\/\/codexflores.ch\/index.php\/wp-json\/wp\/v2\/media?parent=3452"}],"wp:term":[{"taxonomy":"category","embeddable":true,"href":"https:\/\/codexflores.ch\/index.php\/wp-json\/wp\/v2\/categories?post=3452"},{"taxonomy":"post_tag","embeddable":true,"href":"https:\/\/codexflores.ch\/index.php\/wp-json\/wp\/v2\/tags?post=3452"}],"curies":[{"name":"wp","href":"https:\/\/api.w.org\/{rel}","templated":true}]}}