{"id":3453,"date":"2018-05-23T06:09:12","date_gmt":"2018-05-23T06:09:12","guid":{"rendered":"https:\/\/codexflores.ch\/index.php\/2018\/05\/23\/mitsingkonzerte-fuer-menschen-mit-demenzerkrankung\/"},"modified":"2018-05-23T06:09:12","modified_gmt":"2018-05-23T06:09:12","slug":"mitsingkonzerte-fuer-menschen-mit-demenzerkrankung","status":"publish","type":"post","link":"https:\/\/codexflores.ch\/index.php\/2018\/05\/23\/mitsingkonzerte-fuer-menschen-mit-demenzerkrankung\/","title":{"rendered":"Mitsingkonzerte f\u00fcr Menschen mit Demenzerkrankung"},"content":{"rendered":"<p><span style=\"font-family: arial, helvetica, sans-serif; font-size: small;\">23.05.2018 &#8212; Die Oper Leipzig startet in Kooperation mit dem Verein Selbstbestimmt Leben Leipzig und Umgebung e. V. eine neue Reihe von Mitsingkonzerten f\u00fcr Menschen mit Demenzerkrankung. Die Auftaktveranstaltung findet unter der Leitung der Operns\u00e4ngerin und diplomierten Trainerin Maartje de Lint am 26. Mai statt.<\/span><\/p>\n<p><span style=\"font-family: arial, helvetica, sans-serif; font-size: small;\"><strong>23.05.2018 &#8212; Die Oper Leipzig startet in Kooperation mit dem Verein Selbstbestimmt Leben Leipzig und Umgebung e. V. eine neue Reihe von Mitsingkonzerten f\u00fcr Menschen mit Demenzerkrankung. Die Auftaktveranstaltung findet unter der Leitung der Operns\u00e4ngerin und diplomierten Trainerin Maartje de Lint am 26. Mai statt.<\/strong><\/span><\/p>\n<p><span style=\"font-family: arial, helvetica, sans-serif; font-size: small;\">\u00a0<\/span><\/p>\n<p><span style=\"font-family: arial, helvetica, sans-serif; font-size: small;\">Das Konzert mit dem Titel \u00bbIn mir singt ein Lied\u00ab richtet sich an Menschen mit Demenz, ihre Pfleger, Familien sowie Angeh\u00f6rige und ist f\u00fcr 15 Menschen mit Demenzerkrankung mit je einer Begleitung ausgelegt. Das Projekt wird von der Pflegekoordinatorin der Stadt Leipzig unterst\u00fctzt.\u00a0<\/span><\/p>\n<p><span style=\"font-family: arial, helvetica, sans-serif; font-size: small;\">\u00a0<\/span><\/p>\n<p><span style=\"font-family: arial, helvetica, sans-serif; font-size: small;\">De Lint erlebte w\u00e4hrend ihrer Konzerte immer wieder, wie besonders Menschen mit Demenz beim Zuh\u00f6ren immer aufmerksamer und wacher wurden. Aus dieser Beobachtung heraus hat die geb\u00fcrtige Niederl\u00e4nderin eine eigene Methode zur Aktivierung Dementer entwickelt. Unterst\u00fctzt wurde sie dabei von Wilco Achterberg, Professor f\u00fcr Geriatrie an der Universit\u00e4t Leiden. Die Methode wurde bereits in Pflegeheimen in den Niederlanden praktiziert und kommt nun erstmalig in Leipzig zur Anwendung.\u00a0 <em>(cf)<\/em><\/span><\/p>\n<p>\u00a0<\/p>\n","protected":false},"excerpt":{"rendered":"<p><span style=\"font-family: arial, helvetica, sans-serif; font-size: small;\">23.05.2018 &#8212; Die Oper Leipzig startet in Kooperation mit dem Verein Selbstbestimmt Leben Leipzig und Umgebung e. V. eine neue Reihe von Mitsingkonzerten f\u00fcr Menschen mit Demenzerkrankung. Die Auftaktveranstaltung findet unter der Leitung der Operns\u00e4ngerin und diplomierten Trainerin Maartje de Lint am 26. Mai statt.<\/span><\/p>\n","protected":false},"author":1,"featured_media":0,"comment_status":"open","ping_status":"open","sticky":false,"template":"","format":"standard","meta":{"footnotes":""},"categories":[2],"tags":[],"class_list":["post-3453","post","type-post","status-publish","format-standard","hentry","category-nachrichten","entry"],"_links":{"self":[{"href":"https:\/\/codexflores.ch\/index.php\/wp-json\/wp\/v2\/posts\/3453","targetHints":{"allow":["GET"]}}],"collection":[{"href":"https:\/\/codexflores.ch\/index.php\/wp-json\/wp\/v2\/posts"}],"about":[{"href":"https:\/\/codexflores.ch\/index.php\/wp-json\/wp\/v2\/types\/post"}],"author":[{"embeddable":true,"href":"https:\/\/codexflores.ch\/index.php\/wp-json\/wp\/v2\/users\/1"}],"replies":[{"embeddable":true,"href":"https:\/\/codexflores.ch\/index.php\/wp-json\/wp\/v2\/comments?post=3453"}],"version-history":[{"count":0,"href":"https:\/\/codexflores.ch\/index.php\/wp-json\/wp\/v2\/posts\/3453\/revisions"}],"wp:attachment":[{"href":"https:\/\/codexflores.ch\/index.php\/wp-json\/wp\/v2\/media?parent=3453"}],"wp:term":[{"taxonomy":"category","embeddable":true,"href":"https:\/\/codexflores.ch\/index.php\/wp-json\/wp\/v2\/categories?post=3453"},{"taxonomy":"post_tag","embeddable":true,"href":"https:\/\/codexflores.ch\/index.php\/wp-json\/wp\/v2\/tags?post=3453"}],"curies":[{"name":"wp","href":"https:\/\/api.w.org\/{rel}","templated":true}]}}