{"id":3455,"date":"2018-05-25T07:19:02","date_gmt":"2018-05-25T07:19:02","guid":{"rendered":"https:\/\/codexflores.ch\/index.php\/2018\/05\/25\/martha-argerich-zieht-nach-hamburg-weiter\/"},"modified":"2018-05-25T07:19:02","modified_gmt":"2018-05-25T07:19:02","slug":"martha-argerich-zieht-nach-hamburg-weiter","status":"publish","type":"post","link":"https:\/\/codexflores.ch\/index.php\/2018\/05\/25\/martha-argerich-zieht-nach-hamburg-weiter\/","title":{"rendered":"Martha Argerich zieht nach Hamburg weiter"},"content":{"rendered":"<p><span style=\"font-family: arial, helvetica, sans-serif; font-size: small;\">25.05.2018 &#8212; Nachdem ihr Festival in Lugano aus finanziellen Gr\u00fcnden, dem Wegfall des Hauptsponsors BSI, nicht mehr durchgef\u00fchrt werden kann, hat die Pianistin Martha Argerich in Hamburg eine neue Plattform gefunden: Asyl bieten ihr die Hamburger Symphoniker.<\/span><\/p>\n<p><span style=\"font-family: arial, helvetica, sans-serif; font-size: small;\"><strong>25.05.2018 &#8212; Nachdem ihr Festival in Lugano aus finanziellen Gr\u00fcnden, dem Wegfall des Hauptsponsors BSI, nicht mehr durchgef\u00fchrt werden kann, hat die Pianistin Martha Argerich in Hamburg eine neue Plattform gefunden: Asyl bieten ihr die Hamburger Symphoniker.<\/strong><\/span><\/p>\n<p>\u00a0<\/p>\n<p><span style=\"font-family: arial, helvetica, sans-serif; font-size: small;\">Die Symphoniker Hamburg und ihr Intendant Daniel K\u00fchnel etablieren ein neues Festival in der Laeiszhalle, das als Pilot zum ersten Mal Ende Juni 2018 stattfinden wird. Im Rahmen des Festivals 2018 stehen Konzerte im Grossen und im Kleinen Saal der Laeiszhalle sowie Begegnungen mit K\u00fcnstlern an, die auf Einladung Argerichs nach Hamburg kommen.<\/span><\/p>\n<p>\u00a0<\/p>\n<p><span style=\"font-family: arial, helvetica, sans-serif; font-size: small;\">Dazu z\u00e4hlen ein gemeinsamer Auftritt an zwei Klavieren von Martha Argerich und Daniel Barenboim, Auftritte von Martha Argerich mit Mischa Maisky und Thomas Hampson, ein Wiedersehen mit dem Geiger Ivry Gitlis oder auch Strawinskys \u00abLe sacre du printemps\u00bb f\u00fcr vier Klaviere und Schlagwerk. Martha Argerichs T\u00f6chter Lyda Chen und Annie Dutoit treten w\u00e4hrend des Festivals genauso auf wie etwa Daniel Barenboims Sohn Michael.<\/span><\/p>\n<p>\u00a0<\/p>\n<p><span style=\"font-family: arial, helvetica, sans-serif; font-size: small;\">In Lugano hatte die argentinische Pianistin bis 2016 mehr als ein Dutzend Mal ihre K\u00fcnstlerfamilie beim Festival \u00abProgetto Martha Argerich\u00bb\u00a0 versammelt. Die Organisatoren des f\u00fcr das Tessin einzigartigen Festivals fanden allerdings keinen Ersatz f\u00fcr den Hauptsponsor Banca della Svizzera Italiana (BSI), der wegen Verst\u00f6ssen gegen Geldw\u00e4schereibestimmungen seine Banklizenz verlor.<em> (cf)<\/em> <\/span><\/p>\n<p>\u00a0<\/p>\n<p>\u00a0<\/p>\n","protected":false},"excerpt":{"rendered":"<p><span style=\"font-family: arial, helvetica, sans-serif; font-size: small;\">25.05.2018 &#8212; Nachdem ihr Festival in Lugano aus finanziellen Gr\u00fcnden, dem Wegfall des Hauptsponsors BSI, nicht mehr durchgef\u00fchrt werden kann, hat die Pianistin Martha Argerich in Hamburg eine neue Plattform gefunden: Asyl bieten ihr die Hamburger Symphoniker.<\/span><\/p>\n","protected":false},"author":1,"featured_media":0,"comment_status":"open","ping_status":"open","sticky":false,"template":"","format":"standard","meta":{"footnotes":""},"categories":[2],"tags":[],"class_list":["post-3455","post","type-post","status-publish","format-standard","hentry","category-nachrichten","entry"],"_links":{"self":[{"href":"https:\/\/codexflores.ch\/index.php\/wp-json\/wp\/v2\/posts\/3455","targetHints":{"allow":["GET"]}}],"collection":[{"href":"https:\/\/codexflores.ch\/index.php\/wp-json\/wp\/v2\/posts"}],"about":[{"href":"https:\/\/codexflores.ch\/index.php\/wp-json\/wp\/v2\/types\/post"}],"author":[{"embeddable":true,"href":"https:\/\/codexflores.ch\/index.php\/wp-json\/wp\/v2\/users\/1"}],"replies":[{"embeddable":true,"href":"https:\/\/codexflores.ch\/index.php\/wp-json\/wp\/v2\/comments?post=3455"}],"version-history":[{"count":0,"href":"https:\/\/codexflores.ch\/index.php\/wp-json\/wp\/v2\/posts\/3455\/revisions"}],"wp:attachment":[{"href":"https:\/\/codexflores.ch\/index.php\/wp-json\/wp\/v2\/media?parent=3455"}],"wp:term":[{"taxonomy":"category","embeddable":true,"href":"https:\/\/codexflores.ch\/index.php\/wp-json\/wp\/v2\/categories?post=3455"},{"taxonomy":"post_tag","embeddable":true,"href":"https:\/\/codexflores.ch\/index.php\/wp-json\/wp\/v2\/tags?post=3455"}],"curies":[{"name":"wp","href":"https:\/\/api.w.org\/{rel}","templated":true}]}}