{"id":3459,"date":"2018-06-05T06:21:30","date_gmt":"2018-06-05T06:21:30","guid":{"rendered":"https:\/\/codexflores.ch\/index.php\/2018\/06\/05\/orchester-vom-see-verpflichtet-raphael-honegger\/"},"modified":"2018-06-05T06:21:30","modified_gmt":"2018-06-05T06:21:30","slug":"orchester-vom-see-verpflichtet-raphael-honegger","status":"publish","type":"post","link":"https:\/\/codexflores.ch\/index.php\/2018\/06\/05\/orchester-vom-see-verpflichtet-raphael-honegger\/","title":{"rendered":"Orchester vom See verpflichtet Raphael Honegger"},"content":{"rendered":"<p><span style=\"font-family: arial, helvetica, sans-serif; font-size: small;\">05.06.2018 &#8212; Das 2011 vom Unternehmer Ulrich St\u00fcssi in der Region Z\u00fcrichsee gegr\u00fcndete Orchester vom See hat mit Raphael Maximilian Honegger einen neuen Dirigenten. Das Ausbildungsensemble umfasst rund f\u00fcnfzig Berufsmusiker und Studierende.<\/span><\/p>\n<p><span style=\"font-family: arial, helvetica, sans-serif; font-size: small;\"><strong>05.06.2018 &#8212; Das 2011 vom Unternehmer Ulrich St\u00fcssi in der Region Z\u00fcrichsee gegr\u00fcndete Orchester vom See hat mit Raphael Maximilian Honegger einen neuen Dirigenten. Das Ausbildungsensemble umfasst rund f\u00fcnfzig Berufsmusiker und Studierende.<\/strong><\/span><\/p>\n<p>\u00a0<\/p>\n<p><span style=\"font-family: arial, helvetica, sans-serif; font-size: small;\">Der mehrfach ausgezeichnete Raphael Honegger absolvierte ein Studium in Orchesterleitung an der ZHdK bei Johannes Schlaefli und ein Physikstudium an der ETH Zu\u0308rich. <\/span><\/p>\n<p>\u00a0<\/p>\n<p><span style=\"font-family: arial, helvetica, sans-serif; font-size: small;\">Das Orchester vom See bildet f\u00fcr junge Berufsmusiker und Musikstudenten eine Br\u00fccke vom Musikstudium hin zur Mitgliedschaft bei einem der grossen Orchester (unter anderem Tonhalle Zu\u0308rich, Philharmonia Zu\u0308rich, Shanghai Symphony Orchestra und Melbourne Symphony Orchestra) oder zu einer Solistenkarriere. Es bringt anspruchsvolle Werke aus Barock, Klassik, Romantik und Moderne sowie des W\u00e4denswiler Organisten Fritz Stu\u0308ssi (1874 \u2013 1923) zur Auff\u00fchrung. <\/span><\/p>\n<p>\u00a0<\/p>\n<p><span style=\"font-family: arial, helvetica, sans-serif; font-size: small;\">Junge Berufsmusiker oder Musikstudenten unter 30 Jahren, mindestens mit Bachelor-Abschluss, die im Orchester vom See ab dem Novemberprojekt 2018 mitspielen m\u00f6chten, ko\u0308nnen sich bis 5. Juli 2018 mit ausfu\u0308hrlichem CV per mail an us@orchestervomsee.ch bewerben. <em>(cf)<\/em><\/span><\/p>\n<p>\u00a0<\/p>\n<p>\u00a0<\/p>\n","protected":false},"excerpt":{"rendered":"<p><span style=\"font-family: arial, helvetica, sans-serif; font-size: small;\">05.06.2018 &#8212; Das 2011 vom Unternehmer Ulrich St\u00fcssi in der Region Z\u00fcrichsee gegr\u00fcndete Orchester vom See hat mit Raphael Maximilian Honegger einen neuen Dirigenten. Das Ausbildungsensemble umfasst rund f\u00fcnfzig Berufsmusiker und Studierende.<\/span><\/p>\n","protected":false},"author":1,"featured_media":0,"comment_status":"open","ping_status":"open","sticky":false,"template":"","format":"standard","meta":{"footnotes":""},"categories":[2],"tags":[],"class_list":["post-3459","post","type-post","status-publish","format-standard","hentry","category-nachrichten","entry"],"_links":{"self":[{"href":"https:\/\/codexflores.ch\/index.php\/wp-json\/wp\/v2\/posts\/3459","targetHints":{"allow":["GET"]}}],"collection":[{"href":"https:\/\/codexflores.ch\/index.php\/wp-json\/wp\/v2\/posts"}],"about":[{"href":"https:\/\/codexflores.ch\/index.php\/wp-json\/wp\/v2\/types\/post"}],"author":[{"embeddable":true,"href":"https:\/\/codexflores.ch\/index.php\/wp-json\/wp\/v2\/users\/1"}],"replies":[{"embeddable":true,"href":"https:\/\/codexflores.ch\/index.php\/wp-json\/wp\/v2\/comments?post=3459"}],"version-history":[{"count":0,"href":"https:\/\/codexflores.ch\/index.php\/wp-json\/wp\/v2\/posts\/3459\/revisions"}],"wp:attachment":[{"href":"https:\/\/codexflores.ch\/index.php\/wp-json\/wp\/v2\/media?parent=3459"}],"wp:term":[{"taxonomy":"category","embeddable":true,"href":"https:\/\/codexflores.ch\/index.php\/wp-json\/wp\/v2\/categories?post=3459"},{"taxonomy":"post_tag","embeddable":true,"href":"https:\/\/codexflores.ch\/index.php\/wp-json\/wp\/v2\/tags?post=3459"}],"curies":[{"name":"wp","href":"https:\/\/api.w.org\/{rel}","templated":true}]}}