{"id":3460,"date":"2018-06-06T06:12:17","date_gmt":"2018-06-06T06:12:17","guid":{"rendered":"https:\/\/codexflores.ch\/index.php\/2018\/06\/06\/superar-suisse-friends-in-luzern\/"},"modified":"2018-06-06T06:12:17","modified_gmt":"2018-06-06T06:12:17","slug":"superar-suisse-friends-in-luzern","status":"publish","type":"post","link":"https:\/\/codexflores.ch\/index.php\/2018\/06\/06\/superar-suisse-friends-in-luzern\/","title":{"rendered":"\u00abSuperar Suisse &#038; Friends\u00bb in Luzern"},"content":{"rendered":"<p><span style=\"font-family: arial, helvetica, sans-serif; font-size: small;\">06.06.2018 &#8212; Lucerne Festival realisiert diesen Sommer ein Orchestercamp \u00abSuperar Suisse &amp; Friends\u00bb. In dem gross angelegten Projekt erarbeiten 130 Kinder und Jugendliche im Alter von 11 bis 17 Jahren ein sinfonisches Programm, das im August im Konzertsaal des KKL Luzern pr\u00e4sentiert wird.<\/span><\/p>\n<p><span style=\"font-family: arial, helvetica, sans-serif; font-size: small;\"><strong>06.06.2018 &#8212; Lucerne Festival realisiert diesen Sommer ein Orchestercamp \u00abSuperar Suisse &amp; Friends\u00bb. In dem gross angelegten Projekt erarbeiten 130 Kinder und Jugendliche im Alter von 11 bis 17 Jahren ein sinfonisches Programm, das im August im Konzertsaal des KKL Luzern pr\u00e4sentiert wird.<\/strong><\/span><\/p>\n<p><span style=\"font-family: arial, helvetica, sans-serif; font-size: small;\">\u00a0<\/span><\/p>\n<p><span style=\"font-family: arial, helvetica, sans-serif; font-size: small;\">Die Jugendlichen kommen aus der Schweiz sowie aus internationalen Partnerprogrammen wie Sistema Portugal, Sistema Lombardia und Superar Wien. Das Orchestercamp bei Lucerne Festival ist zun\u00e4chst auf drei Jahre ausgerichtet und f\u00f6rdert im Sinne des venezolanischen El Sistema-Gr\u00fcnders Jos\u00e9 Antonio Abreu die Freude am gemeinsamen Musizieren. <\/span><\/p>\n<p>\u00a0<\/p>\n<p><span style=\"font-family: arial, helvetica, sans-serif; font-size: small;\">Die Orchestergemeinschaft wird von Dirigent und El Sistema-Mitgr\u00fcnder Ulysses Ascanio und 24 Tutorinnen und Tutoren geleitet. Auch Begegnungen mit Musikern des Lucerne Festival Orchestra, die parallel f\u00fcr die Er\u00f6ffnungswoche des Sommer-Festivals proben, sind geplant. Bei den t\u00e4glichen Proben in den einzelnen Instrumentengruppen und im grossen Orchester sowie w\u00e4hrend der Freizeitaktivit\u00e4ten k\u00f6nnen sich die Jugendlichen kennenlernen und Freundschaften schliessen.<\/span><\/p>\n<p>\u00a0<\/p>\n<p><span style=\"font-family: arial, helvetica, sans-serif; font-size: small;\"> Als hochwertiges musikalisches Programm f\u00f6rdert Superar Suisse seit 2012 Kinder und Jugendliche unabh\u00e4ngig von ihrer Herkunft oder ihren finanziellen Mitteln. Das Programm ist kostenfrei und bietet Unterricht in den F\u00e4chern Chorgesang und Orchester. Der Unterricht findet ausschliesslich in der Gruppe statt. Neben regelm\u00e4ssigem Unterricht runden internationale Konzerte und Workshops das umfangreiche Angebot von Superar Suisse ab. Insgesamt werden bereits \u00fcber 500 Kinder in der Schweiz durch Superar Suisse gef\u00f6rdert. Mit Lucerne Festival Young und der Lucerne Festival Academy setzt Lucerne Festival seit Jahren einen starken Fokus auf Nachwuchs-F\u00f6rderung. <em>(cf)<\/em><\/span><\/p>\n<p>\u00a0<\/p>\n","protected":false},"excerpt":{"rendered":"<p><span style=\"font-family: arial, helvetica, sans-serif; font-size: small;\">06.06.2018 &#8212; Lucerne Festival realisiert diesen Sommer ein Orchestercamp \u00abSuperar Suisse &amp; Friends\u00bb. In dem gross angelegten Projekt erarbeiten 130 Kinder und Jugendliche im Alter von 11 bis 17 Jahren ein sinfonisches Programm, das im August im Konzertsaal des KKL Luzern pr\u00e4sentiert wird.<\/span><\/p>\n","protected":false},"author":1,"featured_media":0,"comment_status":"open","ping_status":"open","sticky":false,"template":"","format":"standard","meta":{"footnotes":""},"categories":[2],"tags":[],"class_list":["post-3460","post","type-post","status-publish","format-standard","hentry","category-nachrichten","entry"],"_links":{"self":[{"href":"https:\/\/codexflores.ch\/index.php\/wp-json\/wp\/v2\/posts\/3460","targetHints":{"allow":["GET"]}}],"collection":[{"href":"https:\/\/codexflores.ch\/index.php\/wp-json\/wp\/v2\/posts"}],"about":[{"href":"https:\/\/codexflores.ch\/index.php\/wp-json\/wp\/v2\/types\/post"}],"author":[{"embeddable":true,"href":"https:\/\/codexflores.ch\/index.php\/wp-json\/wp\/v2\/users\/1"}],"replies":[{"embeddable":true,"href":"https:\/\/codexflores.ch\/index.php\/wp-json\/wp\/v2\/comments?post=3460"}],"version-history":[{"count":0,"href":"https:\/\/codexflores.ch\/index.php\/wp-json\/wp\/v2\/posts\/3460\/revisions"}],"wp:attachment":[{"href":"https:\/\/codexflores.ch\/index.php\/wp-json\/wp\/v2\/media?parent=3460"}],"wp:term":[{"taxonomy":"category","embeddable":true,"href":"https:\/\/codexflores.ch\/index.php\/wp-json\/wp\/v2\/categories?post=3460"},{"taxonomy":"post_tag","embeddable":true,"href":"https:\/\/codexflores.ch\/index.php\/wp-json\/wp\/v2\/tags?post=3460"}],"curies":[{"name":"wp","href":"https:\/\/api.w.org\/{rel}","templated":true}]}}