{"id":3461,"date":"2018-06-07T05:58:39","date_gmt":"2018-06-07T05:58:39","guid":{"rendered":"https:\/\/codexflores.ch\/index.php\/2018\/06\/07\/basler-schueler-erfinden-eine-barockoper\/"},"modified":"2018-06-07T05:58:39","modified_gmt":"2018-06-07T05:58:39","slug":"basler-schueler-erfinden-eine-barockoper","status":"publish","type":"post","link":"https:\/\/codexflores.ch\/index.php\/2018\/06\/07\/basler-schueler-erfinden-eine-barockoper\/","title":{"rendered":"Basler Jugendliche erfinden eine Barockoper"},"content":{"rendered":"<p><span style=\"font-family: arial, helvetica, sans-serif; font-size: small;\">07.06.2018 &#8212; Basler Sekundarsch\u00fcler- und sch\u00fclerinnen haben mit zwei Musikern des Kammerorchester Basel, dem Countertenor Terry Wey und der Regisseurin Barbara Tacchini eine Fantasy-Barock-Oper entwickelt.<\/span><\/p>\n<p><span style=\"font-family: arial, helvetica, sans-serif; font-size: small;\"><strong>07.06.2018 &#8212; Basler Sekundarsch\u00fcler- und sch\u00fclerinnen haben mit zwei Musikern des Kammerorchester Basel, dem Countertenor Terry Wey und der Regisseurin Barbara Tacchini eine Fantasy-Barock-Oper entwickelt.<\/strong><\/span><\/p>\n<p><span style=\"font-family: arial, helvetica, sans-serif; font-size: small;\">\u00a0<\/span><\/p>\n<p><span style=\"font-family: arial, helvetica, sans-serif; font-size: small;\">Die Story ist selbst erfunden: In ferner Zukunft auf einem eiskalten Planeten werden Superhelden auf eine geheime Mission vorbereitet. Eines Tages taucht ein r\u00e4tselhafter Junge auf. Er kann weder fliegen noch ist er superstark oder unverletzlich. Er kann nur eines: singen! Und wird damit zur ernsthaften Gef\u00e4hrdung der Ordnung. Denn sein Gesang weckt Gef\u00fchle und bef\u00f6rdert dunkle Geheimnisse der Vergangenheit an die Oberfl\u00e4che.<\/span><\/p>\n<p>\u00a0<\/p>\n<p><span style=\"font-family: arial, helvetica, sans-serif; font-size: small;\">Die Fantasy-Oper mit dem Titel \u00abAuto Tune\u00bb besteht aus barocken Arien, Concerti und anderen Sounds und wird von den Sch\u00fclerinnen und Sch\u00fclern mit dem S\u00e4nger und dem Kammerorchester Basel zweimal aufgef\u00fchrt\u00a0\u2013 in der Druckereihalle im Ackermannshof am 26. und 27. Juni 2018.\u00a0 <em>(cf)<\/p>\n<p><\/em><strong>Mehr Infos:<\/strong>\u00a0<br \/><a href=\"http:\/\/www.kammerorchesterbasel.ch\/de\/musikvermittlung\/projekte-und-workshops.html\" target=\"_blank\" rel=\"noopener noreferrer\">www.kammerorchesterbasel.ch\/de\/musikvermittlung\/projekte-und-workshops.html<\/a><\/span><\/p>\n<p><a href=\"http:\/\/www.kammerorchesterbasel.ch\/de\/musikvermittlung\/projekte-und-workshops.html%20%20%20\" target=\"_blank\" rel=\"noopener noreferrer\">\u00a0<\/a><\/p>\n<p>\u00a0<\/p>\n","protected":false},"excerpt":{"rendered":"<p><span style=\"font-family: arial, helvetica, sans-serif; font-size: small;\">07.06.2018 &#8212; Basler Sekundarsch\u00fcler- und sch\u00fclerinnen haben mit zwei Musikern des Kammerorchester Basel, dem Countertenor Terry Wey und der Regisseurin Barbara Tacchini eine Fantasy-Barock-Oper entwickelt.<\/span><\/p>\n","protected":false},"author":1,"featured_media":0,"comment_status":"open","ping_status":"open","sticky":false,"template":"","format":"standard","meta":{"footnotes":""},"categories":[2],"tags":[],"class_list":["post-3461","post","type-post","status-publish","format-standard","hentry","category-nachrichten","entry"],"_links":{"self":[{"href":"https:\/\/codexflores.ch\/index.php\/wp-json\/wp\/v2\/posts\/3461","targetHints":{"allow":["GET"]}}],"collection":[{"href":"https:\/\/codexflores.ch\/index.php\/wp-json\/wp\/v2\/posts"}],"about":[{"href":"https:\/\/codexflores.ch\/index.php\/wp-json\/wp\/v2\/types\/post"}],"author":[{"embeddable":true,"href":"https:\/\/codexflores.ch\/index.php\/wp-json\/wp\/v2\/users\/1"}],"replies":[{"embeddable":true,"href":"https:\/\/codexflores.ch\/index.php\/wp-json\/wp\/v2\/comments?post=3461"}],"version-history":[{"count":0,"href":"https:\/\/codexflores.ch\/index.php\/wp-json\/wp\/v2\/posts\/3461\/revisions"}],"wp:attachment":[{"href":"https:\/\/codexflores.ch\/index.php\/wp-json\/wp\/v2\/media?parent=3461"}],"wp:term":[{"taxonomy":"category","embeddable":true,"href":"https:\/\/codexflores.ch\/index.php\/wp-json\/wp\/v2\/categories?post=3461"},{"taxonomy":"post_tag","embeddable":true,"href":"https:\/\/codexflores.ch\/index.php\/wp-json\/wp\/v2\/tags?post=3461"}],"curies":[{"name":"wp","href":"https:\/\/api.w.org\/{rel}","templated":true}]}}