{"id":3462,"date":"2018-06-11T07:35:36","date_gmt":"2018-06-11T07:35:36","guid":{"rendered":"https:\/\/codexflores.ch\/index.php\/2018\/06\/11\/award-fuer-marketing-architektur-2018\/"},"modified":"2018-06-11T07:35:36","modified_gmt":"2018-06-11T07:35:36","slug":"award-fuer-marketing-architektur-2018","status":"publish","type":"post","link":"https:\/\/codexflores.ch\/index.php\/2018\/06\/11\/award-fuer-marketing-architektur-2018\/","title":{"rendered":"Award f\u00fcr Marketing + Architektur 2018"},"content":{"rendered":"<p><span style=\"font-family: arial, helvetica, sans-serif; font-size: small;\">11.06.2018 &#8212; Das Juliertheater ist mit dem mit 10&#8217;000 Franken dotierten Award f\u00fcr Marketing + Architektur 2018 ausgezeichnet worden. In der Begr\u00fcndung heisst es, der Turm strahle \u00abeine ruhige, urt\u00fcmliche Kraft aus\u00bb und sprenge alle Grenzen.<\/span><\/p>\n<p><span style=\"font-family: arial, helvetica, sans-serif; font-size: small;\"><strong>11.06.2018 &#8212; Das Juliertheater ist mit dem mit 10&#8217;000 Franken dotierten Award f\u00fcr Marketing + Architektur 2018 ausgezeichnet worden. In der Begr\u00fcndung heisst es, der Turm strahle \u00abeine ruhige, urt\u00fcmliche Kraft aus\u00bb und sprenge alle Grenzen.<\/strong><\/span><\/p>\n<p>\u00a0<\/p>\n<p><span lang=\"DE\">Entworfen worden is der Turm von Giovanni Netzer, der gleichzeitig Intendant von Origen ist. Unterst\u00fctzt wurde er dabei von Walter Bieler. Die Jury hat sich einstimmig daf\u00fcr entschieden, das Juliertheater als Gesamtsieger zu k\u00fcren. <span style=\"font-family: arial, helvetica, sans-serif; font-size: small;\">Origen wirkt im Bauerndorf Riom, nutzt eine mittelalterliche Heldenburg und die Scheune eines Pariser Emigranten. <\/span><\/span><\/p>\n<p><span lang=\"DE\"><span style=\"font-family: arial, helvetica, sans-serif; font-size: small;\">\u00a0<\/span><\/span><\/p>\n<p><span lang=\"DE\"><span style=\"font-family: arial, helvetica, sans-serif; font-size: small;\">Der Julierturm, der von Origen bespielt wird, ist \u00abfiligran in Holz konstruiert und wirkt durch die vielen \u00d6ffnungen transparent. Die obere Plattform kann als Veranstaltungsraum oder als Foyer genutzt werden. Die Zuschauerr\u00e4nge umfassen die zentrale Spielfl\u00e4che und lenken den Blick des Besuchers immer auch hinaus in die Weite der Landschaft\u00bb. <em>(cf)<\/em><\/span><br \/><\/span><\/p>\n","protected":false},"excerpt":{"rendered":"<p><span style=\"font-family: arial, helvetica, sans-serif; font-size: small;\">11.06.2018 &#8212; Das Juliertheater ist mit dem mit 10&#8217;000 Franken dotierten Award f\u00fcr Marketing + Architektur 2018 ausgezeichnet worden. In der Begr\u00fcndung heisst es, der Turm strahle \u00abeine ruhige, urt\u00fcmliche Kraft aus\u00bb und sprenge alle Grenzen.<\/span><\/p>\n","protected":false},"author":1,"featured_media":0,"comment_status":"open","ping_status":"open","sticky":false,"template":"","format":"standard","meta":{"footnotes":""},"categories":[2],"tags":[],"class_list":["post-3462","post","type-post","status-publish","format-standard","hentry","category-nachrichten","entry"],"_links":{"self":[{"href":"https:\/\/codexflores.ch\/index.php\/wp-json\/wp\/v2\/posts\/3462","targetHints":{"allow":["GET"]}}],"collection":[{"href":"https:\/\/codexflores.ch\/index.php\/wp-json\/wp\/v2\/posts"}],"about":[{"href":"https:\/\/codexflores.ch\/index.php\/wp-json\/wp\/v2\/types\/post"}],"author":[{"embeddable":true,"href":"https:\/\/codexflores.ch\/index.php\/wp-json\/wp\/v2\/users\/1"}],"replies":[{"embeddable":true,"href":"https:\/\/codexflores.ch\/index.php\/wp-json\/wp\/v2\/comments?post=3462"}],"version-history":[{"count":0,"href":"https:\/\/codexflores.ch\/index.php\/wp-json\/wp\/v2\/posts\/3462\/revisions"}],"wp:attachment":[{"href":"https:\/\/codexflores.ch\/index.php\/wp-json\/wp\/v2\/media?parent=3462"}],"wp:term":[{"taxonomy":"category","embeddable":true,"href":"https:\/\/codexflores.ch\/index.php\/wp-json\/wp\/v2\/categories?post=3462"},{"taxonomy":"post_tag","embeddable":true,"href":"https:\/\/codexflores.ch\/index.php\/wp-json\/wp\/v2\/tags?post=3462"}],"curies":[{"name":"wp","href":"https:\/\/api.w.org\/{rel}","templated":true}]}}