{"id":3463,"date":"2018-06-12T06:40:54","date_gmt":"2018-06-12T06:40:54","guid":{"rendered":"https:\/\/codexflores.ch\/index.php\/2018\/06\/12\/future-lab-tunisia-der-deutschen-kammerphilharmonie-bremen\/"},"modified":"2018-06-12T06:40:54","modified_gmt":"2018-06-12T06:40:54","slug":"future-lab-tunisia-der-deutschen-kammerphilharmonie-bremen","status":"publish","type":"post","link":"https:\/\/codexflores.ch\/index.php\/2018\/06\/12\/future-lab-tunisia-der-deutschen-kammerphilharmonie-bremen\/","title":{"rendered":"\u00abFuture Lab Tunisia\u00bb der Deutschen Kammerphilharmonie Bremen"},"content":{"rendered":"<p><span style=\"font-family: arial, helvetica, sans-serif; font-size: small;\">12.06.2018 &#8212; Die Deutsche Kammerphilharmonie Bremen hat ihre Education-Aktivit\u00e4ten ausgeweitet: Mit einem Zukunftslabor \u00abFuture Lab Tunisia\u00bb st\u00f6sst sie bis nach Tunesien vor.<\/span><\/p>\n<p>\u00a0<\/p>\n<p><span style=\"font-family: arial, helvetica, sans-serif; font-size: small;\"><strong>12.06.2018 &#8212; Die Deutsche Kammerphilharmonie Bremen hat ihre Education-Aktivit\u00e4ten ausgeweitet: Mit einem Zukunftslabor \u00abFuture Lab Tunisia\u00bb st\u00f6sst sie bis nach Tunesien vor.<br \/><\/strong><\/span><\/p>\n<p>\u00a0<\/p>\n<p><span style=\"font-family: arial, helvetica, sans-serif; font-size: small;\">Im Rahmen einer deutsch-tunesischen Kooperation steht das Bremer Modellprojekt im Bereich Kultur Pate f\u00fcr das Future Lab Tunisia. Gemeinsam mit der Kamel Lazaar Foundation und mit Unterst\u00fctzung des Ausw\u00e4rtigen Amtes und des tunesischen Bildungsministeriums wird nun ein vergleichbares Projekt an einer Schule im Grossraum Tunis etabliert. <\/span><\/p>\n<p>\u00a0<\/p>\n<p><span style=\"font-family: arial, helvetica, sans-serif; font-size: small;\">Die Deutsche Kammerphilharmonie Bremen hat seit April 2007 ihren Arbeitsmittelpunkt im Komplex der Gesamtschule Bremen-Ost in Osterholz-Tenever. Projekte mit Sch\u00fclern und Lehrk\u00f6rper sollen dabei im Rahmen eines \u00abZukunftslabors\u00bb dazu beitragen, die Bedingungen f\u00fcr den Stadtteil mit schwierigen sozialen Rahmenbedingungen zu verbessern. <\/span><\/p>\n<p>\u00a0<\/p>\n<p><span style=\"font-family: arial, helvetica, sans-serif; font-size: small;\">Mit Kooperation will das Orchester nun mit Hilfe von Musik beziehungsweise musikbasierten Formaten auch die Demokratieentwicklung in dem nordafrikanischen Land unterst\u00fctzen. Tunis ist der erste Standort des Bremer Zukunftslabors im nicht-westeurop\u00e4ischen Ausland. <em>(cf)<\/em><\/span><\/p>\n<p>\u00a0<\/p>\n<p>\u00a0<\/p>\n<p>\u00a0<\/p>\n","protected":false},"excerpt":{"rendered":"<p><span style=\"font-family: arial, helvetica, sans-serif; font-size: small;\">12.06.2018 &#8212; Die Deutsche Kammerphilharmonie Bremen hat ihre Education-Aktivit\u00e4ten ausgeweitet: Mit einem Zukunftslabor \u00abFuture Lab Tunisia\u00bb st\u00f6sst sie bis nach Tunesien vor.<\/span><\/p>\n","protected":false},"author":1,"featured_media":0,"comment_status":"open","ping_status":"open","sticky":false,"template":"","format":"standard","meta":{"footnotes":""},"categories":[2],"tags":[],"class_list":["post-3463","post","type-post","status-publish","format-standard","hentry","category-nachrichten","entry"],"_links":{"self":[{"href":"https:\/\/codexflores.ch\/index.php\/wp-json\/wp\/v2\/posts\/3463","targetHints":{"allow":["GET"]}}],"collection":[{"href":"https:\/\/codexflores.ch\/index.php\/wp-json\/wp\/v2\/posts"}],"about":[{"href":"https:\/\/codexflores.ch\/index.php\/wp-json\/wp\/v2\/types\/post"}],"author":[{"embeddable":true,"href":"https:\/\/codexflores.ch\/index.php\/wp-json\/wp\/v2\/users\/1"}],"replies":[{"embeddable":true,"href":"https:\/\/codexflores.ch\/index.php\/wp-json\/wp\/v2\/comments?post=3463"}],"version-history":[{"count":0,"href":"https:\/\/codexflores.ch\/index.php\/wp-json\/wp\/v2\/posts\/3463\/revisions"}],"wp:attachment":[{"href":"https:\/\/codexflores.ch\/index.php\/wp-json\/wp\/v2\/media?parent=3463"}],"wp:term":[{"taxonomy":"category","embeddable":true,"href":"https:\/\/codexflores.ch\/index.php\/wp-json\/wp\/v2\/categories?post=3463"},{"taxonomy":"post_tag","embeddable":true,"href":"https:\/\/codexflores.ch\/index.php\/wp-json\/wp\/v2\/tags?post=3463"}],"curies":[{"name":"wp","href":"https:\/\/api.w.org\/{rel}","templated":true}]}}