{"id":347,"date":"2014-01-11T08:16:35","date_gmt":"2014-01-11T08:16:35","guid":{"rendered":"https:\/\/codexflores.ch\/index.php\/2014\/01\/11\/regiert-in-berlin-die-angst-vor-islamisten\/"},"modified":"2014-01-11T08:16:35","modified_gmt":"2014-01-11T08:16:35","slug":"regiert-in-berlin-die-angst-vor-islamisten","status":"publish","type":"post","link":"https:\/\/codexflores.ch\/index.php\/2014\/01\/11\/regiert-in-berlin-die-angst-vor-islamisten\/","title":{"rendered":"Regiert in Berlin die Angst vor Islamisten?"},"content":{"rendered":"<p><center><em>Von Wolfgang B\u00f6hler<\/em><\/center> <\/p>\n<p><span class=\"txt-m-black\"><span class=\"txt-m-black\">\u00a0<\/span><\/span><\/p>\n<table align=\"left\">\n<tbody>\n<tr>\n<td width=\"70\"><img decoding=\"async\" src=\"http:\/\/212.60.37.143\/bilder\/kolumnewb.jpg\" border=\"0\" \/><\/td>\n<\/tr>\n<\/tbody>\n<\/table>\n<p><span class=\"txt-m-black\">28.09.2006 &#8212; Kirsten Harms, die Intendantin der Deutschen Oper in Berlin, verzichtet wegen einer vagen Bedrohungssituation auf die Wiederaufnahme der Inszenierung einer Mozart-Oper. Eine anonyme Anruferin \u00e4usserte Bedenken gegen eine f\u00fcr Islamisten m\u00f6glicherweise provokative Szene. Mit ihrem Entscheid l\u00f6st Harms eine Kette an falschen Reaktionen aus. Hans Neuenfels, der Regisseur der Inszenierung, sowie zahlreiche Politiker, inklusive die Bundeskanzlerin pr\u00fcgeln medienwirksam auf Harms ein, und die Presse vergleicht den Vorfall mit dem Karikaturen-Streit. Am zynischsten verhalten sich diejenigen, welche den Vorfall zum Anlass nehmen, sich zugleich als Kulturpopulisten und Verteidiger der freien Welt aufzuspielen, indem sie erkl\u00e4ren, die Neuenfels-Inszenierung sei zwar Schrott, m\u00fcsse aber jetzt erst recht gezeigt werden.<\/p>\n<p> Harms f\u00fcr ihren Entscheid zu verurteilen, ist auf eine peinliche Art billig und auch historisch nicht gerechtfertigt: Als Friedrich Schirmer 1983 in einer \u00e4hnlichen Situation am Freiburger Theater eine Auff\u00fchrung von Voltaires \u00abMahomet\u00bb abbrechen liess und das Publikum nach Hause schickte, erhielt er Applaus. Der Pr\u00e4zedenzfall spricht also f\u00fcr Harms.<\/p>\n<p> Eine Opernintendantin ist keine Terrorspezialistin und sollte nicht ausbaden m\u00fcssen, dass der Staat nicht in der Lage ist, ihr ein professionelles Krisenmanagement zu bieten. Die Bedrohung ist nur allzu konkret, und es ist f\u00fcr Kulturschaffende in der heutigen Welt unzumutbar, solche Entscheide und ihre m\u00f6gliche Tragweite einsam beurteilen zu m\u00fcssen. Sie nur schon im Glauben zu lassen, dass sie solche weitreichende Entscheide selber zu treffen haben, ist feige. <\/p>\n<p> Politiker \u2013 inklusive die Bundeskanzlerin \u2013 h\u00e4tten sich viel Repekt verschaffen k\u00f6nnen, wenn sie hingestanden w\u00e4ren und gesagt h\u00e4tten: \u00abEs tut uns leid, dass wir Frau Harms mit dem Entscheid alleine liessen. Sie hat als Verantwortliche, die das Wohl ihrer Belegschaft und ihres Publikums im Auge behalten muss, das einzig Richtige getan. Dennoch muss die Inszenierung jetzt erst recht gezeigt werden, und wir werden von Staats wegen daf\u00fcr sorgen, dass dabei die Sicherheit aller Betroffenen gew\u00e4hrleistet bleibt.\u00bb<\/p>\n<p> Das Problem des islamistisch motivierten Terrors ist eine der grossen Herausforderungen der kommenden Zeit. Politisch-mediale Aufgeregtheit und R\u00fcckensch\u00fcsse sind die d\u00fcmmlichste Art, darauf zu reagieren. Die Frage, wie auf solche Bedrohungen &#8211; gerade auch in vagen Formen &#8211; reagiert werden soll, wird sich in naher Zukunft vielen Verantwortlichen von Kulturveranstaltungen stellen, die f\u00fcr die freie Rede und das Recht auf Kritik und Satire auch gegen\u00fcber dem fundamentalistischen Islam eintreten. Erhalten sie den Eindruck, dass sie von Beh\u00f6rden, Medien und Politikern im Ernstfall allein gelassen werden, dann werden sie sich mehrmals \u00fcberlegen, ob sie das Risiko wirklich eingehen sollen, das aufgekl\u00e4rte Denken \u2013 sowohl im Christentum als auch im Islam \u2013 zu verteidigen. <\/span> <span class=\"txt-m-black\">(<em>wb<\/em>)<\/span><\/p>\n<p> <center> <\/p>\n<table style=\"width: 420px;\" summary=\"linie\" border=\"0\" cellspacing=\"0\" cellpadding=\"0\">\n<tbody>\n<tr>\n<td colspan=\"9\" bgcolor=\"#666666\" height=\"1\"><img loading=\"lazy\" decoding=\"async\" src=\"http:\/\/212.60.37.143\/grafiken\/dbrown1x1.gif\" border=\"0\" width=\"1\" height=\"1\" \/><\/td>\n<\/tr>\n<\/tbody>\n<\/table>\n<p> <\/center> <\/p>\n<p><span class=\"txt-s-black\">Der Musikphilosoph Wolfgang B\u00f6hler (M.A.) studierte an der Universit\u00e4t Bern Wissenschaftstheorie, Mathematik und Musikwissenschaft. Er ist Chefredaktor des Codex flores Onlinemagazins.<\/span><\/p>\n","protected":false},"excerpt":{"rendered":"<p>Von Wolfgang B\u00f6hler \u00a0 28.09.2006 &#8212; Kirsten Harms, die Intendantin der Deutschen Oper in Berlin, verzichtet wegen einer vagen Bedrohungssituation&#8230;<\/p>\n","protected":false},"author":1,"featured_media":0,"comment_status":"open","ping_status":"open","sticky":false,"template":"","format":"standard","meta":{"footnotes":""},"categories":[5],"tags":[],"class_list":["post-347","post","type-post","status-publish","format-standard","hentry","category-editorials","entry"],"_links":{"self":[{"href":"https:\/\/codexflores.ch\/index.php\/wp-json\/wp\/v2\/posts\/347","targetHints":{"allow":["GET"]}}],"collection":[{"href":"https:\/\/codexflores.ch\/index.php\/wp-json\/wp\/v2\/posts"}],"about":[{"href":"https:\/\/codexflores.ch\/index.php\/wp-json\/wp\/v2\/types\/post"}],"author":[{"embeddable":true,"href":"https:\/\/codexflores.ch\/index.php\/wp-json\/wp\/v2\/users\/1"}],"replies":[{"embeddable":true,"href":"https:\/\/codexflores.ch\/index.php\/wp-json\/wp\/v2\/comments?post=347"}],"version-history":[{"count":0,"href":"https:\/\/codexflores.ch\/index.php\/wp-json\/wp\/v2\/posts\/347\/revisions"}],"wp:attachment":[{"href":"https:\/\/codexflores.ch\/index.php\/wp-json\/wp\/v2\/media?parent=347"}],"wp:term":[{"taxonomy":"category","embeddable":true,"href":"https:\/\/codexflores.ch\/index.php\/wp-json\/wp\/v2\/categories?post=347"},{"taxonomy":"post_tag","embeddable":true,"href":"https:\/\/codexflores.ch\/index.php\/wp-json\/wp\/v2\/tags?post=347"}],"curies":[{"name":"wp","href":"https:\/\/api.w.org\/{rel}","templated":true}]}}