{"id":3471,"date":"2018-06-26T06:17:11","date_gmt":"2018-06-26T06:17:11","guid":{"rendered":"https:\/\/codexflores.ch\/index.php\/2018\/06\/26\/graubuenden-hat-ein-neues-barockfestival\/"},"modified":"2018-06-26T06:17:11","modified_gmt":"2018-06-26T06:17:11","slug":"graubuenden-hat-ein-neues-barockfestival","status":"publish","type":"post","link":"https:\/\/codexflores.ch\/index.php\/2018\/06\/26\/graubuenden-hat-ein-neues-barockfestival\/","title":{"rendered":"Graub\u00fcnden hat ein neues Barockfestival"},"content":{"rendered":"<p><span style=\"font-family: arial, helvetica, sans-serif; font-size: small;\">26.06.2018 &#8212; Im b\u00fcndnerischen Guarda findet vom 2. bis 9. August 2018 erstmals das Musikfestival B\u00fcndner Barock statt. K\u00fcnstlerische Leiterin ist die M\u00fcnchner Dirigentin, Cembalistin und Organistin Johanna Soller.<\/span><\/p>\n<p><span style=\"font-family: arial, helvetica, sans-serif; font-size: small;\"><strong>26.06.2018 &#8212; Im b\u00fcndnerischen Guarda findet vom 2. bis 9. August 2018 erstmals das Musikfestival B\u00fcndner Barock statt. K\u00fcnstlerische Leiterin ist die M\u00fcnchner Dirigentin, Cembalistin und Organistin Johanna Soller.<\/strong><\/span><\/p>\n<p><span style=\"font-family: arial, helvetica, sans-serif; font-size: small;\">\u00a0<\/span><\/p>\n<p><span style=\"font-family: arial, helvetica, sans-serif; font-size: small;\">Insgesamt finden in verschiedenen Engadiner H\u00e4usern in Guarda sowie in der Kirche des Dorfes in unterschiedlichen Besetzungen Konzerte statt, darunter auch ein festliches Chorkonzert. Im Zentrum steht das gemeinsame Musizieren von aufstrebenden K\u00fcnstlern, die nach den Konzerten bei einem Apero auch pers\u00f6nlich kennengelernt werden k\u00f6nnen. Der Eintritt zu den Konzerten ist frei. Es wird eine Kollekte erhoben.<\/span><\/p>\n<p><span style=\"font-family: arial, helvetica, sans-serif; font-size: small;\">\u00a0<\/span><\/p>\n<p><span style=\"font-family: arial, helvetica, sans-serif; font-size: small;\">Zu den K\u00fcnstlern geh\u00f6ren neben Johanna Soller unter anderen der Bariton Benedikt Eder, das Vocalconsort M\u00fcnchen, die Sopranistin Anna-Lena Elbert, die brasilianische Geigerin Waleska Sieczkowska und die portugieissche Fl\u00f6tistin Beatriz Soares. <em>(cf)<\/p>\n<p><\/em><strong>Mehr Infos:<\/strong><a href=\"http:\/\/buendnerbarock.ch\" target=\"_blank\" rel=\"noopener noreferrer\"> buendnerbarock.ch<\/a><em><br \/><\/em><\/span><\/p>\n","protected":false},"excerpt":{"rendered":"<p><span style=\"font-family: arial, helvetica, sans-serif; font-size: small;\">26.06.2018 &#8212; Im b\u00fcndnerischen Guarda findet vom 2. bis 9. August 2018 erstmals das Musikfestival B\u00fcndner Barock statt. K\u00fcnstlerische Leiterin ist die M\u00fcnchner Dirigentin, Cembalistin und Organistin Johanna Soller.<\/span><\/p>\n","protected":false},"author":1,"featured_media":0,"comment_status":"open","ping_status":"open","sticky":false,"template":"","format":"standard","meta":{"footnotes":""},"categories":[2],"tags":[],"class_list":["post-3471","post","type-post","status-publish","format-standard","hentry","category-nachrichten","entry"],"_links":{"self":[{"href":"https:\/\/codexflores.ch\/index.php\/wp-json\/wp\/v2\/posts\/3471","targetHints":{"allow":["GET"]}}],"collection":[{"href":"https:\/\/codexflores.ch\/index.php\/wp-json\/wp\/v2\/posts"}],"about":[{"href":"https:\/\/codexflores.ch\/index.php\/wp-json\/wp\/v2\/types\/post"}],"author":[{"embeddable":true,"href":"https:\/\/codexflores.ch\/index.php\/wp-json\/wp\/v2\/users\/1"}],"replies":[{"embeddable":true,"href":"https:\/\/codexflores.ch\/index.php\/wp-json\/wp\/v2\/comments?post=3471"}],"version-history":[{"count":0,"href":"https:\/\/codexflores.ch\/index.php\/wp-json\/wp\/v2\/posts\/3471\/revisions"}],"wp:attachment":[{"href":"https:\/\/codexflores.ch\/index.php\/wp-json\/wp\/v2\/media?parent=3471"}],"wp:term":[{"taxonomy":"category","embeddable":true,"href":"https:\/\/codexflores.ch\/index.php\/wp-json\/wp\/v2\/categories?post=3471"},{"taxonomy":"post_tag","embeddable":true,"href":"https:\/\/codexflores.ch\/index.php\/wp-json\/wp\/v2\/tags?post=3471"}],"curies":[{"name":"wp","href":"https:\/\/api.w.org\/{rel}","templated":true}]}}