{"id":3475,"date":"2018-07-02T06:05:42","date_gmt":"2018-07-02T06:05:42","guid":{"rendered":"https:\/\/codexflores.ch\/index.php\/2018\/07\/02\/ein-fliegender-hollaender-fuer-den-nachwuchs\/"},"modified":"2018-07-02T06:05:42","modified_gmt":"2018-07-02T06:05:42","slug":"ein-fliegender-hollaender-fuer-den-nachwuchs","status":"publish","type":"post","link":"https:\/\/codexflores.ch\/index.php\/2018\/07\/02\/ein-fliegender-hollaender-fuer-den-nachwuchs\/","title":{"rendered":"Ein \u00abFliegender Holl\u00e4nder\u00bb f\u00fcr den Nachwuchs"},"content":{"rendered":"<p><span style=\"font-family: arial, helvetica, sans-serif; font-size: small;\">02.07.2018 &#8212; Die Sommeroper Selzach (mit Passionsspielhaus zwischen Solothurn und Grenchen) bietet diesen Sommer Wagners \u00abFliegenden Holl\u00e4nder\u00bb. Dazu gibt es auch eine speziell f\u00fcr Kinder erarbeitete Fassung mit jungen S\u00e4ngerinnen und S\u00e4ngern und einem kleinen Orchester.<\/span><\/p>\n<p><span style=\"font-family: arial, helvetica, sans-serif; font-size: small;\"><strong>02.07.2018 &#8212; Die Sommeroper Selzach (mit Passionsspielhaus zwischen Solothurn und Grenchen) bietet diesen Sommer Wagners \u00abFliegenden Holl\u00e4nder\u00bb. Dazu gibt es auch eine speziell f\u00fcr Kinder erarbeitete Fassung mit jungen S\u00e4ngerinnen und S\u00e4ngern und einem kleinen Orchester.<\/strong><\/span><\/p>\n<p><span style=\"font-family: arial, helvetica, sans-serif; font-size: small;\">\u00a0<\/span><\/p>\n<p><span style=\"font-family: arial, helvetica, sans-serif; font-size: small;\">Nachdem es im ersten Spieljahr der Sommeroper Selzach 1988\/89 bereits eine Kindervorstellung mit \u00abDie Zauberfl\u00f6te\u00bb in Kurzfassung gegeben hat, wird zum Jubil\u00e4um erstmals eine extra geschriebene Kinderoper aufgef\u00fchrt, die Selzacher Fassung von \u00abDer fliegende Holl\u00e4nder f\u00fcr Kinder\u00bb mit der Musik von Richard Wagner.<\/span><\/p>\n<p>\u00a0<\/p>\n<p><span style=\"font-family: arial, helvetica, sans-serif; font-size: small;\">Premiere der Kinderproduktion ist am Sonntag, den 12. August, um 17 Uhr. Eine weitere Vorstellung im freien Verkauf f\u00fcr Kinder mit ihren Eltern, Gotte und G\u00f6tti, Grosseltern, Freunden und Geschwistern findet am Samstag, den 18. August, ebenfalls um 17 Uhr statt. Die Vorstellung dauert eine Stunde und ist ab 7 Jahren empfohlen. Die Musikalische Leitung ist in den H\u00e4nden von Darren Hargan, Regie f\u00fchrt Thomas Dietrich. <em>(pd)<\/em><\/span><\/p>\n<p>\u00a0<\/p>\n<p><span style=\"font-family: arial, helvetica, sans-serif; font-size: small;\"><strong>Mehr Infos:<\/strong> <a href=\"http:\/\/www.sommeroper.ch\/kinderoper\" target=\"_blank\" rel=\"noopener noreferrer\">www.sommeroper.ch\/kinderoper<\/a><\/span><\/p>\n","protected":false},"excerpt":{"rendered":"<p><span style=\"font-family: arial, helvetica, sans-serif; font-size: small;\">02.07.2018 &#8212; Die Sommeroper Selzach (mit Passionsspielhaus zwischen Solothurn und Grenchen) bietet diesen Sommer Wagners \u00abFliegenden Holl\u00e4nder\u00bb. Dazu gibt es auch eine speziell f\u00fcr Kinder erarbeitete Fassung mit jungen S\u00e4ngerinnen und S\u00e4ngern und einem kleinen Orchester.<\/span><\/p>\n","protected":false},"author":1,"featured_media":0,"comment_status":"open","ping_status":"open","sticky":false,"template":"","format":"standard","meta":{"footnotes":""},"categories":[2],"tags":[],"class_list":["post-3475","post","type-post","status-publish","format-standard","hentry","category-nachrichten","entry"],"_links":{"self":[{"href":"https:\/\/codexflores.ch\/index.php\/wp-json\/wp\/v2\/posts\/3475","targetHints":{"allow":["GET"]}}],"collection":[{"href":"https:\/\/codexflores.ch\/index.php\/wp-json\/wp\/v2\/posts"}],"about":[{"href":"https:\/\/codexflores.ch\/index.php\/wp-json\/wp\/v2\/types\/post"}],"author":[{"embeddable":true,"href":"https:\/\/codexflores.ch\/index.php\/wp-json\/wp\/v2\/users\/1"}],"replies":[{"embeddable":true,"href":"https:\/\/codexflores.ch\/index.php\/wp-json\/wp\/v2\/comments?post=3475"}],"version-history":[{"count":0,"href":"https:\/\/codexflores.ch\/index.php\/wp-json\/wp\/v2\/posts\/3475\/revisions"}],"wp:attachment":[{"href":"https:\/\/codexflores.ch\/index.php\/wp-json\/wp\/v2\/media?parent=3475"}],"wp:term":[{"taxonomy":"category","embeddable":true,"href":"https:\/\/codexflores.ch\/index.php\/wp-json\/wp\/v2\/categories?post=3475"},{"taxonomy":"post_tag","embeddable":true,"href":"https:\/\/codexflores.ch\/index.php\/wp-json\/wp\/v2\/tags?post=3475"}],"curies":[{"name":"wp","href":"https:\/\/api.w.org\/{rel}","templated":true}]}}