{"id":3478,"date":"2018-07-04T06:38:50","date_gmt":"2018-07-04T06:38:50","guid":{"rendered":"https:\/\/codexflores.ch\/index.php\/2018\/07\/04\/noseda-folgt-in-zuerich-auf-luisi\/"},"modified":"2018-07-04T06:38:50","modified_gmt":"2018-07-04T06:38:50","slug":"noseda-folgt-in-zuerich-auf-luisi","status":"publish","type":"post","link":"https:\/\/codexflores.ch\/index.php\/2018\/07\/04\/noseda-folgt-in-zuerich-auf-luisi\/","title":{"rendered":"Noseda folgt in Z\u00fcrich auf Luisi"},"content":{"rendered":"<p><span style=\"font-family: arial, helvetica, sans-serif; font-size: small;\">04.07.2018 &#8212; Gianandrea Noseda wird ab der Saison 2O21\/22 Generalmusikdirektor des Opernhauses Z\u00fcrich. Er folgt in dem Amt auf Fabio Luisi, der ein Jahr fr\u00fcher zur\u00fccktritt als urspr\u00fcnglich vorgesehen.<\/span><\/p>\n<p><span style=\"font-family: arial, helvetica, sans-serif; font-size: small;\"><strong>04.07.2018 &#8212; Gianandrea Noseda wird ab der Saison 2O21\/22 Generalmusikdirektor des Opernhauses Z\u00fcrich. Er folgt in dem Amt auf Fabio Luisi, der ein Jahr fr\u00fcher zur\u00fccktritt als urspr\u00fcnglich vorgesehen.<\/strong><\/span><\/p>\n<p><span style=\"font-family: arial, helvetica, sans-serif; font-size: small;\">\u00a0<\/span><\/p>\n<p><span style=\"font-family: arial, helvetica, sans-serif; font-size: small;\">Noseda wurde im Januar 2016 zum siebten Musikdirektor des National Symphony Orchestra Washington DC ernannt und begann seine Amtszeit mit der Saison 2017\/18. Er ist Erster Gastdirigent des London Symphony Orchestra und des Israel Philharmonic Orchestra, Erster Dirigent des Orquestra de Cadaqu\u00e9s und K\u00fcnstlerischer Leiter des Stresa Festivals in Italien. <\/span><\/p>\n<p>\u00a0<\/p>\n<p><span style=\"font-family: arial, helvetica, sans-serif; font-size: small;\">Von 2002 bis 2011 leitete Noseda die BBC Philharmonic und v<\/span><span style=\"font-family: arial, helvetica, sans-serif; font-size: small;\">on 2007 bis 2018 ist er Musikdirektor des Teatro Regio Torino.<\/span><span style=\"font-family: arial, helvetica, sans-serif; font-size: small;\"> Das Pittsburgh Symphony Orchestra schuf f\u00fcr ihn als Ersten Gastdirigenten den Victor de Sabata Chair. Das Mariinsky Theatre ernannte ihn 1997 zum Ersten ausl\u00e4ndischen Gastdirigenten, eine Position, die er ein Jahrzehnt lang innehatte. Von 1999 bis 2003 war er Erster Gastdirigent der Rotterdamer Philharmoniker und von 2003 bis 2006 Erster Gastdirigent des Orchestra Sinfonica Nazionale della RAI.<\/span><\/p>\n<p><span style=\"font-family: arial, helvetica, sans-serif; font-size: small;\">\u00a0<\/span><\/p>\n<p><span style=\"font-family: arial, helvetica, sans-serif; font-size: small;\">Der Intendant des Opernhauses Z\u00fcrich Andreas Homoki bleibt bis 2025 im Amt. Ebenfalls wurde die Vertragsverl\u00e4ngerung des Ballettdirektors Christian Spuck bis 2025 bekannt gegeben. Beide sind seit 2012 f\u00fcr das k\u00fcnstlerische Profil des Opernhauses Z\u00fcrich verantwortlich. <em> (cf)<\/em><br \/><\/span><\/p>\n<p>\u00a0<\/p>\n<p>\u00a0<\/p>\n<p><span style=\"font-family: arial, helvetica, sans-serif; font-size: small;\">\u00a0<\/span><\/p>\n","protected":false},"excerpt":{"rendered":"<p><span style=\"font-family: arial, helvetica, sans-serif; font-size: small;\">04.07.2018 &#8212; Gianandrea Noseda wird ab der Saison 2O21\/22 Generalmusikdirektor des Opernhauses Z\u00fcrich. Er folgt in dem Amt auf Fabio Luisi, der ein Jahr fr\u00fcher zur\u00fccktritt als urspr\u00fcnglich vorgesehen.<\/span><\/p>\n","protected":false},"author":1,"featured_media":0,"comment_status":"open","ping_status":"open","sticky":false,"template":"","format":"standard","meta":{"footnotes":""},"categories":[2],"tags":[],"class_list":["post-3478","post","type-post","status-publish","format-standard","hentry","category-nachrichten","entry"],"_links":{"self":[{"href":"https:\/\/codexflores.ch\/index.php\/wp-json\/wp\/v2\/posts\/3478","targetHints":{"allow":["GET"]}}],"collection":[{"href":"https:\/\/codexflores.ch\/index.php\/wp-json\/wp\/v2\/posts"}],"about":[{"href":"https:\/\/codexflores.ch\/index.php\/wp-json\/wp\/v2\/types\/post"}],"author":[{"embeddable":true,"href":"https:\/\/codexflores.ch\/index.php\/wp-json\/wp\/v2\/users\/1"}],"replies":[{"embeddable":true,"href":"https:\/\/codexflores.ch\/index.php\/wp-json\/wp\/v2\/comments?post=3478"}],"version-history":[{"count":0,"href":"https:\/\/codexflores.ch\/index.php\/wp-json\/wp\/v2\/posts\/3478\/revisions"}],"wp:attachment":[{"href":"https:\/\/codexflores.ch\/index.php\/wp-json\/wp\/v2\/media?parent=3478"}],"wp:term":[{"taxonomy":"category","embeddable":true,"href":"https:\/\/codexflores.ch\/index.php\/wp-json\/wp\/v2\/categories?post=3478"},{"taxonomy":"post_tag","embeddable":true,"href":"https:\/\/codexflores.ch\/index.php\/wp-json\/wp\/v2\/tags?post=3478"}],"curies":[{"name":"wp","href":"https:\/\/api.w.org\/{rel}","templated":true}]}}