{"id":348,"date":"2014-01-11T08:17:23","date_gmt":"2014-01-11T08:17:23","guid":{"rendered":"https:\/\/codexflores.ch\/index.php\/2014\/01\/11\/swiss-tenors-alles-falsch-gemacht\/"},"modified":"2014-01-11T08:17:23","modified_gmt":"2014-01-11T08:17:23","slug":"swiss-tenors-alles-falsch-gemacht","status":"publish","type":"post","link":"https:\/\/codexflores.ch\/index.php\/2014\/01\/11\/swiss-tenors-alles-falsch-gemacht\/","title":{"rendered":"Swiss Tenors &#8211; alles falsch gemacht"},"content":{"rendered":"<p><center><em>Von Wolfgang B\u00f6hler<\/em><\/center> <\/p>\n<p><span class=\"txt-m-black\"><span class=\"txt-m-black\">\u00a0<\/span><\/span><\/p>\n<table align=\"left\">\n<tbody>\n<tr>\n<td width=\"70\"><img decoding=\"async\" src=\"http:\/\/212.60.37.143\/bilder\/kolumnewb.jpg\" border=\"0\" \/><\/td>\n<\/tr>\n<\/tbody>\n<\/table>\n<p><span class=\"txt-m-black\">12.10.2006 &#8212; Etlichen Wirbel haben die Swiss Tenors \u2013 eine Gruppe von drei smarten S\u00e4ngern mit einem Repertoire leichter Klassik \u2013 verursacht, weil sie geplant haben, Falcos Skandalsong \u00abJeanny\u00bb neu aufzulegen. Das Lied des \u00f6sterreichischen Skandals\u00e4ngers aus den achtziger Jahren erz\u00e4hlt die Geschichte einer Vergwaltigung aus der Perspektive des T\u00e4ters. Aus \u00abJeanny\u00bb haben die Swiss Tenors \u00abNatascha\u00bb gemacht, eine Reverenz an den Fall der in Wien entf\u00fchrten und acht Jahre lang gefangen gehaltenen Natascha Kampusch. <\/p>\n<p> Lassen wir mal den Grundsatz \u00abim Zweifel f\u00fcr die Angeklagten\u00bb gelten und gehen wir \u2013 auch wenn es zugegebenermassen schwer f\u00e4llt \u2013 davon aus, dass die Swiss Tenors tats\u00e4chlich der Meinung gewesen sind, ihr Remake sei eine gesellschaftskritische und k\u00fcnstlerische Aufarbeitung des Falles Kampusch. Dann w\u00e4ren sie tats\u00e4chlich, wie in einer Pressemitteilung zu lesen stand, auf dem Wiener Zentralfriedhof gestanden und h\u00e4tten dazu Falcos \u00abEinverst\u00e4ndnis gesp\u00fcrt\u00bb \u2013 eine Szene, die allerdings eher an amateurhaftes Schmierentheater denn an echte Betroffenheit gemahnt.<\/p>\n<p> Auch in dieser f\u00fcr die Swiss Tenors freundlichsten Interpretation der Sache kommen die Festzelt-Glamour-Boys nicht gut weg. Wer es geschafft hat, sich \u00fcber einschl\u00e4gige Internetseiten genug von dem Song anzuh\u00f6ren, muss in diesem Fall n\u00e4mlich am guten Geschmack der drei zweifeln: Ihr Falco-Aufguss ist offensichtlich ein billig abgefeuerter und plumper Schnellschuss.<\/p>\n<p> Das Bemerkenswerteste ist, dass die Swiss Tenors in der ganzen Sache nun wirklich alles falsch gemacht haben, was man falsch machen kann. Das beginnt zum ersten bereits beim Glauben, irgendwer k\u00f6nnte an einem solchen Unsinn Gefallen finden. <\/p>\n<p> Zum zweiten haben sie die Brisanz des Themas auf fatale Weise untersch\u00e4tzt. Offenbar haben sie ein von der Spassgesellschaft portiertes Weltbild verinnerlicht, nach dem private Schicksale nolens volens f\u00fcr \u00f6ffentlich-kommerzielle Zwecke und exhibitionistischen Zynismus verf\u00fcgbar zu sein haben.<\/p>\n<p> Zum dritten haben es die drei Ten\u00f6re unterlassen, die Rechte an dem Song und \u2013 vor allem anderen \u2013 das Einverst\u00e4ndnis Natascha Kampuschs \u2013 einzuholen. Alles weitere konnte ja nur schiefgehen, weil dadurch der Verlag, der die Rechte auf Falcos Original h\u00e4lt, einen Steilpass erhielt. Der kann sich nun entr\u00fcsten und sich als moralische Instanz positionieren.<\/p>\n<p> Zum vierten \u2013 und das ist fast das Schlimmste \u2013 haben sich die drei selbst dann noch stur und uneinsichtig gezeigt, als der Rest der Welt das richtige Urteil \u00fcber das Unternehmen bereits gef\u00e4llt und sich G\u00e4steb\u00fccher, Internetforen und Zeitungspalten mit Protesten und entr\u00fcsteten Kommentaren f\u00fcllten \u2013 ohne dass sich (gottlob) auch nur eine einzige Stimme zu ihrer Verteidigung erhoben h\u00e4tte. <\/p>\n<p> Es steht zu bef\u00fcrchten, dass vor allem dieses Bild einer zu menschlichem Feingef\u00fchl unf\u00e4higen Gruppe postpubert\u00e4rer Provinzunterhalter an den Swiss Tenors h\u00e4ngen bleiben wird \u2013 ob sie k\u00fcnstlerisch nun zu mehr f\u00e4hig sind oder nicht. Die einzige Option, die den drei eigentlich bleibt, wenn sie als Gruppe eine Zukunft haben wollen, ist eine ehrlich gemeinte und von Einsicht gepr\u00e4gte \u00f6ffentliche Entschuldigung f\u00fcr den angerichteten Schlamassel. <\/p>\n<p> Einen souver\u00e4nen Kommentar zu dem Debakel hat im \u00fcbrigen Natascha Kampusch selber gegeben. In der Schweizer Abendzeitung \u00abheute\u00bb meint sie, die ganze Sache sei einfach Mist. Ein besseres Schlusswort zu der traurigen Geschichte kann man sich kaum vorstellen.<\/span> <span class=\"txt-m-black\">(<em>wb<\/em>)<\/span><\/p>\n<p> <center> <\/p>\n<table style=\"width: 420px;\" summary=\"linie\" border=\"0\" cellspacing=\"0\" cellpadding=\"0\">\n<tbody>\n<tr>\n<td colspan=\"9\" bgcolor=\"#666666\" height=\"1\"><img loading=\"lazy\" decoding=\"async\" src=\"http:\/\/212.60.37.143\/grafiken\/dbrown1x1.gif\" border=\"0\" width=\"1\" height=\"1\" \/><\/td>\n<\/tr>\n<\/tbody>\n<\/table>\n<p> <\/center> <\/p>\n<p><span class=\"txt-s-black\">Der Musikphilosoph Wolfgang B\u00f6hler (M.A.) studierte an der Universit\u00e4t Bern Wissenschaftstheorie, Mathematik und Musikwissenschaft. Er ist Chefredaktor des Codex flores Onlinemagazins.<\/span><\/p>\n","protected":false},"excerpt":{"rendered":"<p>Von Wolfgang B\u00f6hler \u00a0 12.10.2006 &#8212; Etlichen Wirbel haben die Swiss Tenors \u2013 eine Gruppe von drei smarten S\u00e4ngern mit&#8230;<\/p>\n","protected":false},"author":1,"featured_media":0,"comment_status":"open","ping_status":"open","sticky":false,"template":"","format":"standard","meta":{"footnotes":""},"categories":[5],"tags":[],"class_list":["post-348","post","type-post","status-publish","format-standard","hentry","category-editorials","entry"],"_links":{"self":[{"href":"https:\/\/codexflores.ch\/index.php\/wp-json\/wp\/v2\/posts\/348","targetHints":{"allow":["GET"]}}],"collection":[{"href":"https:\/\/codexflores.ch\/index.php\/wp-json\/wp\/v2\/posts"}],"about":[{"href":"https:\/\/codexflores.ch\/index.php\/wp-json\/wp\/v2\/types\/post"}],"author":[{"embeddable":true,"href":"https:\/\/codexflores.ch\/index.php\/wp-json\/wp\/v2\/users\/1"}],"replies":[{"embeddable":true,"href":"https:\/\/codexflores.ch\/index.php\/wp-json\/wp\/v2\/comments?post=348"}],"version-history":[{"count":0,"href":"https:\/\/codexflores.ch\/index.php\/wp-json\/wp\/v2\/posts\/348\/revisions"}],"wp:attachment":[{"href":"https:\/\/codexflores.ch\/index.php\/wp-json\/wp\/v2\/media?parent=348"}],"wp:term":[{"taxonomy":"category","embeddable":true,"href":"https:\/\/codexflores.ch\/index.php\/wp-json\/wp\/v2\/categories?post=348"},{"taxonomy":"post_tag","embeddable":true,"href":"https:\/\/codexflores.ch\/index.php\/wp-json\/wp\/v2\/tags?post=348"}],"curies":[{"name":"wp","href":"https:\/\/api.w.org\/{rel}","templated":true}]}}