{"id":3480,"date":"2018-07-09T11:52:19","date_gmt":"2018-07-09T11:52:19","guid":{"rendered":"https:\/\/codexflores.ch\/index.php\/2018\/07\/09\/luzerner-sinfonieorchester-hat-einen-geschaeftsfuehrer\/"},"modified":"2018-07-09T11:52:19","modified_gmt":"2018-07-09T11:52:19","slug":"luzerner-sinfonieorchester-hat-einen-geschaeftsfuehrer","status":"publish","type":"post","link":"https:\/\/codexflores.ch\/index.php\/2018\/07\/09\/luzerner-sinfonieorchester-hat-einen-geschaeftsfuehrer\/","title":{"rendered":"Luzerner Sinfonieorchester hat einen Gesch\u00e4ftsf\u00fchrer"},"content":{"rendered":"<p><span style=\"font-family: arial, helvetica, sans-serif; font-size: small;\">09.07.2018 &#8212; Das Luzerner Sinfonieorchester hat Maximilian Koch zum Gesch\u00e4ftsf\u00fchrer\/COO berufen. Der 51-J\u00e4hrige wird die neu geschaffene Stelle Anfang September 2018 antreten und f\u00fcr die operative Gesch\u00e4ftsf\u00fchrung verantwortlich sein.<\/span><\/p>\n<p><span style=\"font-family: arial, helvetica, sans-serif; font-size: small;\"><strong>09.07.2018 &#8212; Das Luzerner Sinfonieorchester hat Maximilian Koch zum Gesch\u00e4ftsf\u00fchrer\/COO berufen. Der 51-J\u00e4hrige wird die neu geschaffene Stelle Anfang September 2018 antreten und f\u00fcr die operative Gesch\u00e4ftsf\u00fchrung verantwortlich sein.<\/strong><\/span><\/p>\n<p><span style=\"font-family: arial, helvetica, sans-serif; font-size: small;\">\u00a0<\/span><\/p>\n<p><span style=\"font-family: arial, helvetica, sans-serif; font-size: small;\">Das Luzerner Sinfonieorchester habe sich in den vergangenen Jahren \u00e4usserst dynamisch entwickelt, schreibt die Medienstelle des Ensembles. Daher habe der Tr\u00e4gerverein Luzerner Sinfonieorchester entschieden, die Stelle eines Gesch\u00e4ftsf\u00fchrers\/COO einzurichten. Per 1. September 2018 wird Maximilian Koch diese Funktion einnehmen. <\/span><\/p>\n<p>\u00a0<\/p>\n<p><span style=\"font-family: arial, helvetica, sans-serif; font-size: small;\">Maximilian Koch hat Betriebswirtschaft an der Universit\u00e4t St. Gallen studiert und verf\u00fcgt \u00fcber eine breite Berufserfahrung im In- und Ausland. Beruflich t\u00e4tig war er im Corporate Banking bei der Credit Suisse, als Financial Analyst bei GE Capital sowie lange Jahre als Unternehmensberater in Deutschland und der Schweiz. Zuletzt hatte er die Position des CFO in einem mittelst\u00e4ndischen Schweizer Familienunternehmen inne.\u00a0 <em>(cf)<\/em><\/span><\/p>\n<p><span style=\"font-family: arial, helvetica, sans-serif; font-size: small;\">\u00a0<\/span><\/p>\n","protected":false},"excerpt":{"rendered":"<p><span style=\"font-family: arial, helvetica, sans-serif; font-size: small;\">09.07.2018 &#8212; Das Luzerner Sinfonieorchester hat Maximilian Koch zum Gesch\u00e4ftsf\u00fchrer\/COO berufen. Der 51-J\u00e4hrige wird die neu geschaffene Stelle Anfang September 2018 antreten und f\u00fcr die operative Gesch\u00e4ftsf\u00fchrung verantwortlich sein.<\/span><\/p>\n","protected":false},"author":1,"featured_media":0,"comment_status":"open","ping_status":"open","sticky":false,"template":"","format":"standard","meta":{"footnotes":""},"categories":[2],"tags":[],"class_list":["post-3480","post","type-post","status-publish","format-standard","hentry","category-nachrichten","entry"],"_links":{"self":[{"href":"https:\/\/codexflores.ch\/index.php\/wp-json\/wp\/v2\/posts\/3480","targetHints":{"allow":["GET"]}}],"collection":[{"href":"https:\/\/codexflores.ch\/index.php\/wp-json\/wp\/v2\/posts"}],"about":[{"href":"https:\/\/codexflores.ch\/index.php\/wp-json\/wp\/v2\/types\/post"}],"author":[{"embeddable":true,"href":"https:\/\/codexflores.ch\/index.php\/wp-json\/wp\/v2\/users\/1"}],"replies":[{"embeddable":true,"href":"https:\/\/codexflores.ch\/index.php\/wp-json\/wp\/v2\/comments?post=3480"}],"version-history":[{"count":0,"href":"https:\/\/codexflores.ch\/index.php\/wp-json\/wp\/v2\/posts\/3480\/revisions"}],"wp:attachment":[{"href":"https:\/\/codexflores.ch\/index.php\/wp-json\/wp\/v2\/media?parent=3480"}],"wp:term":[{"taxonomy":"category","embeddable":true,"href":"https:\/\/codexflores.ch\/index.php\/wp-json\/wp\/v2\/categories?post=3480"},{"taxonomy":"post_tag","embeddable":true,"href":"https:\/\/codexflores.ch\/index.php\/wp-json\/wp\/v2\/tags?post=3480"}],"curies":[{"name":"wp","href":"https:\/\/api.w.org\/{rel}","templated":true}]}}