{"id":3485,"date":"2018-07-25T05:41:16","date_gmt":"2018-07-25T05:41:16","guid":{"rendered":"https:\/\/codexflores.ch\/index.php\/2018\/07\/25\/die-musik-zum-aufstieg-populistischer-ideologien\/"},"modified":"2018-07-25T05:41:16","modified_gmt":"2018-07-25T05:41:16","slug":"die-musik-zum-aufstieg-populistischer-ideologien","status":"publish","type":"post","link":"https:\/\/codexflores.ch\/index.php\/2018\/07\/25\/die-musik-zum-aufstieg-populistischer-ideologien\/","title":{"rendered":"Die Musik zum Aufstieg populistischer Ideologien"},"content":{"rendered":"<p><span style=\"font-family: arial, helvetica, sans-serif; font-size: small;\">25.07.2018 &#8212; Welche Rolle spielt Musik f\u00fcr den Aufstieg populistischer Ideologien in Europa? Dieser Frage widmet sich in den kommenden drei Jahren ein internationales Forscherteam unter Leitung des Oldenburger Musikp\u00e4dagogen Mario Dunkel.<\/span><\/p>\n<p><span style=\"font-family: arial, helvetica, sans-serif; font-size: small;\"><strong>25.07.2018 &#8212; Welche Rolle spielt Musik f\u00fcr den Aufstieg populistischer Ideologien in Europa? Dieser Frage widmet sich in den kommenden drei Jahren ein internationales Forscherteam unter Leitung des Oldenburger Musikp\u00e4dagogen Mario Dunkel.<\/strong><\/span><\/p>\n<p>\u00a0<\/p>\n<p><span style=\"font-family: arial, helvetica, sans-serif; font-size: small;\">Die Experten richten ihren Blick auf kommerziell erfolgreiche Musiker und Bands, die in ihren Songs populistische Ideen und Bilder aufgreifen. In insgesamt drei Projektphasen n\u00e4hern sich die Wissenschaftler dem Ph\u00e4nomen populistischer popul\u00e4rer Musik. Beispiell\u00e4nder sind Deutschland, Ungarn, \u00d6sterreich, Italien und Schweden. <\/span><\/p>\n<p>\u00a0<\/p>\n<p><span style=\"font-family: arial, helvetica, sans-serif; font-size: small;\">Gemeinsam analysieren sie zun\u00e4chst musikwissenschaftlich, welche populistischen Elemente in kommerziell erfolgreichen Musikst\u00fccken zu finden sind. Hierf\u00fcr untersuchen sie die Verbindung zwischen Songtexten, Musikvideos und musikalischen Parametern wie Form, Rhythmus, Melodik, Harmonik und Sound. Anschliessend geht es um die Rezeption dieser Lieder aus soziologischer Perspektive. Hierf\u00fcr sind in den f\u00fcnf Beispiell\u00e4ndern moderierte Gruppendiskussionen mit Erstw\u00e4hlern geplant. In der letzten Phase des Projekts geht es darum, Unterschiede und Gemeinsamkeiten zwischen den L\u00e4ndern herauszustellen. <\/span><\/p>\n<p><span style=\"font-family: arial, helvetica, sans-serif; font-size: small;\">\u00a0<\/span><\/p>\n<p><span style=\"font-family: arial, helvetica, sans-serif; font-size: small;\">Die VolkswagenStiftung f\u00f6rdert das Projekt im Rahmen der Ausschreibung \u00abHerausforderungen f\u00fcr Europa\u00bb mit insgesamt knapp einer Million Euro. Neben den Forschern aus Oldenburg sind Wissenschaftler aus Ungarn, \u00d6sterreich, Italien und den Niederlanden beteiligt. <em>(cf)<\/em><\/span> <\/p>\n","protected":false},"excerpt":{"rendered":"<p><span style=\"font-family: arial, helvetica, sans-serif; font-size: small;\">25.07.2018 &#8212; Welche Rolle spielt Musik f\u00fcr den Aufstieg populistischer Ideologien in Europa? Dieser Frage widmet sich in den kommenden drei Jahren ein internationales Forscherteam unter Leitung des Oldenburger Musikp\u00e4dagogen Mario Dunkel.<\/span><\/p>\n","protected":false},"author":1,"featured_media":0,"comment_status":"open","ping_status":"open","sticky":false,"template":"","format":"standard","meta":{"footnotes":""},"categories":[2],"tags":[],"class_list":["post-3485","post","type-post","status-publish","format-standard","hentry","category-nachrichten","entry"],"_links":{"self":[{"href":"https:\/\/codexflores.ch\/index.php\/wp-json\/wp\/v2\/posts\/3485","targetHints":{"allow":["GET"]}}],"collection":[{"href":"https:\/\/codexflores.ch\/index.php\/wp-json\/wp\/v2\/posts"}],"about":[{"href":"https:\/\/codexflores.ch\/index.php\/wp-json\/wp\/v2\/types\/post"}],"author":[{"embeddable":true,"href":"https:\/\/codexflores.ch\/index.php\/wp-json\/wp\/v2\/users\/1"}],"replies":[{"embeddable":true,"href":"https:\/\/codexflores.ch\/index.php\/wp-json\/wp\/v2\/comments?post=3485"}],"version-history":[{"count":0,"href":"https:\/\/codexflores.ch\/index.php\/wp-json\/wp\/v2\/posts\/3485\/revisions"}],"wp:attachment":[{"href":"https:\/\/codexflores.ch\/index.php\/wp-json\/wp\/v2\/media?parent=3485"}],"wp:term":[{"taxonomy":"category","embeddable":true,"href":"https:\/\/codexflores.ch\/index.php\/wp-json\/wp\/v2\/categories?post=3485"},{"taxonomy":"post_tag","embeddable":true,"href":"https:\/\/codexflores.ch\/index.php\/wp-json\/wp\/v2\/tags?post=3485"}],"curies":[{"name":"wp","href":"https:\/\/api.w.org\/{rel}","templated":true}]}}