{"id":3486,"date":"2018-07-26T06:47:32","date_gmt":"2018-07-26T06:47:32","guid":{"rendered":"https:\/\/codexflores.ch\/index.php\/2018\/07\/26\/schweizer-teilnehmer-des-ard-musikwettbewerbs\/"},"modified":"2018-07-26T06:47:32","modified_gmt":"2018-07-26T06:47:32","slug":"schweizer-teilnehmer-des-ard-musikwettbewerbs","status":"publish","type":"post","link":"https:\/\/codexflores.ch\/index.php\/2018\/07\/26\/schweizer-teilnehmer-des-ard-musikwettbewerbs\/","title":{"rendered":"Schweizer Teilnehmer des ARD-Musikwettbewerbs"},"content":{"rendered":"<p><span style=\"font-family: arial, helvetica, sans-serif; font-size: small;\">26.07.2018 &#8212; Der ARD-Musikwettbewerb 2018 hat die Teilnehmerliste ver\u00f6ffentlicht. Heuer kommen die Kategorien Gesang, Trompete, Klaviertrio und Viola zum Zug. Auf der Liste finden sich zehn Teilnehmende mit Schweizer L\u00e4nderverweis.<\/span><\/p>\n<p><span style=\"font-family: arial, helvetica, sans-serif; font-size: small;\"><strong>26.07.2018 &#8212; Der ARD-Musikwettbewerb 2018 hat die Teilnehmerliste ver\u00f6ffentlicht. Heuer kommen die Kategorien Gesang, Trompete, Klaviertrio und Viola zum Zug. Auf der Liste finden sich zehn Teilnehmende mit Schweizer L\u00e4nderverweis.<\/strong><\/span><\/p>\n<p><span style=\"font-family: arial, helvetica, sans-serif; font-size: small;\">\u00a0<\/span><\/p>\n<p><span style=\"font-family: arial, helvetica, sans-serif; font-size: small;\">In der Kategorie Gesang als Schweizer gelistet sind Alexandre Beuchat, Kathrin Hottiger, Elisabeth Meyer, Justin Schuetz und Milan Siljanov. Im Fach Trompete heissen sie Gianluca Calise, Manuela Fuchs, Lionel Jaquerod, Fabian Neuhaus und\u00a0Dominic Wunderli. Schweizer Klaviertrios und Bratschisten finden sich auf der Liste keine.<\/span><\/p>\n<p><span style=\"font-family: arial, helvetica, sans-serif; font-size: small;\">\u00a0<\/span><\/p>\n<p><span style=\"font-family: arial, helvetica, sans-serif; font-size: small;\">Die diesj\u00e4hrigen Preistr\u00e4ger werden sich in drei Abschlusskonzerten vorstellen, begleitet vom M\u00fcnchner Rundfunkorchester (19.9.), M\u00fcnchener Kammerorchester (20.9.) und BR-Symphonieorchester (21.9.).<\/span><\/p>\n<p>\u00a0<\/p>\n<p><span style=\"font-family: arial, helvetica, sans-serif; font-size: small;\">Der Internationale Musikwettbewerb der ARD vier wechselnden Kategorien pro Wettbewerbsjahr ist der gr\u00f6sste und einer der renommiertesten Musikwettbewerbe der Welt. Rund 90 Prozent der Teilnehmer kommen aus dem Ausland. Seit 1952 sind 896 Preistr\u00e4ger aus dem Wettbewerb hervorgegangen. <em>(cf)<\/em><\/span><\/p>\n<p>\u00a0<\/p>\n<p>\u00a0<\/p>\n","protected":false},"excerpt":{"rendered":"<p><span style=\"font-family: arial, helvetica, sans-serif; font-size: small;\">26.07.2018 &#8212; Der ARD-Musikwettbewerb 2018 hat die Teilnehmerliste ver\u00f6ffentlicht. Heuer kommen die Kategorien Gesang, Trompete, Klaviertrio und Viola zum Zug. Auf der Liste finden sich zehn Teilnehmende mit Schweizer L\u00e4nderverweis.<\/span><\/p>\n","protected":false},"author":1,"featured_media":0,"comment_status":"open","ping_status":"open","sticky":false,"template":"","format":"standard","meta":{"footnotes":""},"categories":[2],"tags":[],"class_list":["post-3486","post","type-post","status-publish","format-standard","hentry","category-nachrichten","entry"],"_links":{"self":[{"href":"https:\/\/codexflores.ch\/index.php\/wp-json\/wp\/v2\/posts\/3486","targetHints":{"allow":["GET"]}}],"collection":[{"href":"https:\/\/codexflores.ch\/index.php\/wp-json\/wp\/v2\/posts"}],"about":[{"href":"https:\/\/codexflores.ch\/index.php\/wp-json\/wp\/v2\/types\/post"}],"author":[{"embeddable":true,"href":"https:\/\/codexflores.ch\/index.php\/wp-json\/wp\/v2\/users\/1"}],"replies":[{"embeddable":true,"href":"https:\/\/codexflores.ch\/index.php\/wp-json\/wp\/v2\/comments?post=3486"}],"version-history":[{"count":0,"href":"https:\/\/codexflores.ch\/index.php\/wp-json\/wp\/v2\/posts\/3486\/revisions"}],"wp:attachment":[{"href":"https:\/\/codexflores.ch\/index.php\/wp-json\/wp\/v2\/media?parent=3486"}],"wp:term":[{"taxonomy":"category","embeddable":true,"href":"https:\/\/codexflores.ch\/index.php\/wp-json\/wp\/v2\/categories?post=3486"},{"taxonomy":"post_tag","embeddable":true,"href":"https:\/\/codexflores.ch\/index.php\/wp-json\/wp\/v2\/tags?post=3486"}],"curies":[{"name":"wp","href":"https:\/\/api.w.org\/{rel}","templated":true}]}}