{"id":3489,"date":"2018-08-03T05:57:15","date_gmt":"2018-08-03T05:57:15","guid":{"rendered":"https:\/\/codexflores.ch\/index.php\/2018\/08\/03\/tatort-aus-dem-luzerner-kkl\/"},"modified":"2018-08-03T05:57:15","modified_gmt":"2018-08-03T05:57:15","slug":"tatort-aus-dem-luzerner-kkl","status":"publish","type":"post","link":"https:\/\/codexflores.ch\/index.php\/2018\/08\/03\/tatort-aus-dem-luzerner-kkl\/","title":{"rendered":"\u00abTatort\u00bb aus dem Luzerner KKL"},"content":{"rendered":"<p><span style=\"font-family: arial, helvetica, sans-serif; font-size: small;\">03.08.2018 &#8212; Der j\u00fcngste Luzerner Tatort macht die Musik zur Hauptfigur: Die gesamte Handlung von \u00abTatort &#8211; Die Musik stirbt zuletzt\u00bb spielt im Luzerner KKL in Echtzeit, also w\u00e4hrend knapp neunzig Minuten. Um diese Dynamik einzufangen, wurde in einer einzigen Kameraeinstellung gedreht.<\/span><\/p>\n<p><span style=\"font-family: arial, helvetica, sans-serif; font-size: small;\"><strong>03.08.2018 &#8212; Der j\u00fcngste Luzerner Tatort macht die Musik zur Hauptfigur: Die gesamte Handlung von \u00abTatort &#8211; Die Musik stirbt zuletzt\u00bb spielt im Luzerner KKL in Echtzeit, also w\u00e4hrend knapp neunzig Minuten. Um diese Dynamik einzufangen, wurde in einer einzigen Kameraeinstellung gedreht.<\/strong><\/span><\/p>\n<p>\u00a0<\/p>\n<p><span style=\"font-family: arial, helvetica, sans-serif; font-size: small;\">\u00a0Der M\u00e4zen Walter Loving (Hans Hollmann) veranstaltet ein Benefizkonzert mit dem argentinischen Jewish Chamber Orchestra (Orchester Jakobsplatz M\u00fcnchen). Mit Musik von Komponisten, die w\u00e4hrend des Zweiten Weltkrieges im Konzentrationslager umgekommen sind, soll den Opfern des Holocaust gedacht werden.<\/span><\/p>\n<p>\u00a0<\/p>\n<p><span style=\"font-family: arial, helvetica, sans-serif; font-size: small;\">Nicht nur Lovings Sohn Franky (Andri Schenardi) hat mit seinem Vater allerdings noch eine Rechnung offen. Auch die j\u00fcdische Pianistin Miriam Goldstein (Theresa Harder) plant, w\u00e4hrend des Konzerts ein dunkles Geheimnis der Familie Loving zu l\u00fcften. Ein unbekannter Erpresser wiederum will dies verhindern. Zudem wird auf den Klarinettisten des Orchesters, Vincent Goldstein (Patrick Elias), ein Giftanschlag ver\u00fcbt.<\/span><\/p>\n<p>\u00a0<\/p>\n<p><span style=\"font-family: arial, helvetica, sans-serif; font-size: small;\">Um Panik unter den Zuschauerinnen und Zuschauern zu vermeiden, wird das Konzert weitergespielt. W\u00e4hrend die Musik auf der B\u00fchne ihrem H\u00f6hepunkt zustrebt, blicken die Kommissare Fl\u00fcckiger und Ritschard immer tiefer in die Abgr\u00fcnde der Familie Loving. Im Eiltempo kombinieren sie sich durch ein Labyrinth aus Eifersucht, Verrat und Bitterkeit. Schliesslich sehen sie sich mit der Frage konfrontiert, ob die guten Taten im Leben eines Menschen seine schlechten aufwiegen. <em>(cf)<\/em><\/span><\/p>\n<p>\u00a0<\/p>\n<p><span style=\"font-family: arial, helvetica, sans-serif; font-size: small;\"><strong>Erstausstrahlung:<\/strong> Sonntag, 5. August 2018, 20:05 Uhr, SRF 1 \u00a0<\/span><\/p>\n","protected":false},"excerpt":{"rendered":"<p><span style=\"font-family: arial, helvetica, sans-serif; font-size: small;\">03.08.2018 &#8212; Der j\u00fcngste Luzerner Tatort macht die Musik zur Hauptfigur: Die gesamte Handlung von \u00abTatort &#8211; Die Musik stirbt zuletzt\u00bb spielt im Luzerner KKL in Echtzeit, also w\u00e4hrend knapp neunzig Minuten. Um diese Dynamik einzufangen, wurde in einer einzigen Kameraeinstellung gedreht.<\/span><\/p>\n","protected":false},"author":1,"featured_media":0,"comment_status":"open","ping_status":"open","sticky":false,"template":"","format":"standard","meta":{"footnotes":""},"categories":[2],"tags":[],"class_list":["post-3489","post","type-post","status-publish","format-standard","hentry","category-nachrichten","entry"],"_links":{"self":[{"href":"https:\/\/codexflores.ch\/index.php\/wp-json\/wp\/v2\/posts\/3489","targetHints":{"allow":["GET"]}}],"collection":[{"href":"https:\/\/codexflores.ch\/index.php\/wp-json\/wp\/v2\/posts"}],"about":[{"href":"https:\/\/codexflores.ch\/index.php\/wp-json\/wp\/v2\/types\/post"}],"author":[{"embeddable":true,"href":"https:\/\/codexflores.ch\/index.php\/wp-json\/wp\/v2\/users\/1"}],"replies":[{"embeddable":true,"href":"https:\/\/codexflores.ch\/index.php\/wp-json\/wp\/v2\/comments?post=3489"}],"version-history":[{"count":0,"href":"https:\/\/codexflores.ch\/index.php\/wp-json\/wp\/v2\/posts\/3489\/revisions"}],"wp:attachment":[{"href":"https:\/\/codexflores.ch\/index.php\/wp-json\/wp\/v2\/media?parent=3489"}],"wp:term":[{"taxonomy":"category","embeddable":true,"href":"https:\/\/codexflores.ch\/index.php\/wp-json\/wp\/v2\/categories?post=3489"},{"taxonomy":"post_tag","embeddable":true,"href":"https:\/\/codexflores.ch\/index.php\/wp-json\/wp\/v2\/tags?post=3489"}],"curies":[{"name":"wp","href":"https:\/\/api.w.org\/{rel}","templated":true}]}}