{"id":349,"date":"2014-01-11T08:17:55","date_gmt":"2014-01-11T08:17:55","guid":{"rendered":"https:\/\/codexflores.ch\/index.php\/2014\/01\/11\/fuer-wie-bloed-uns-madonna-haelt\/"},"modified":"2014-01-11T08:17:55","modified_gmt":"2014-01-11T08:17:55","slug":"fuer-wie-bloed-uns-madonna-haelt","status":"publish","type":"post","link":"https:\/\/codexflores.ch\/index.php\/2014\/01\/11\/fuer-wie-bloed-uns-madonna-haelt\/","title":{"rendered":"F\u00fcr wie bl\u00f6d uns Madonna h\u00e4lt"},"content":{"rendered":"<p><center><em>Von Wolfgang B\u00f6hler<\/em><\/center> <\/p>\n<p><span class=\"txt-m-black\"><span class=\"txt-m-black\">\u00a0<\/span><\/span><\/p>\n<table align=\"left\">\n<tbody>\n<tr>\n<td width=\"70\"><img decoding=\"async\" src=\"http:\/\/212.60.37.143\/bilder\/kolumnewb.jpg\" border=\"0\" \/><\/td>\n<\/tr>\n<\/tbody>\n<\/table>\n<p><span class=\"txt-m-black\">27.10.2006 &#8212; Kaum hat die Popsirene Madonna ihre mit religi\u00f6sen Provokationen versetzte \u00abConfessions\u00bb-Tour hinter sich gebracht, reist sie &#8211; begleitet von einem Kamerateam &#8211; in das bitterarme afrikanische Land Malawi. Dort adoptiert sie aus einem Waisenhaus ein Kind. Da es einen leiblichen Vater hat, muss dieser zun\u00e4chst im Schnellverfahren um Einverst\u00e4ndnis gebeten werden, die weiteren rechtlichen Aspekte der Sache sind eher undurchsichtig. Da fragt sich nat\u00fcrlich jeder, wie ehrlich gemeint der je nach Auslegung spontane oder kalkulierte Akt der Menschlichkeit gewesen sein d\u00fcrfte.<\/p>\n<p> Nicht abnehmen kann man der mit allen medialen Wassern gewaschenen Selbstdarstellerin das Erstaunen ob des kolossalen Medieninteresses in der Sache. Aber auch die Frage nach den inneren Beweggr\u00fcnden Madonnas stellt sich im Grunde genommen gar nicht, denn die ganze Geschichte ist v\u00f6llig unabh\u00e4ngig davon ein totales Desaster.<\/p>\n<p> Man muss sich fragen, f\u00fcr wie bl\u00f6d Madonna ihre Fangemeinde h\u00e4lt. Jede und jeder, der sich schon einmal auch nur ansatzweise mit dem Thema Adoption besch\u00e4ftigt hat, weiss, was f\u00fcr komplexe und heikle Prozesse damit verbunden sind, welche Folgen f\u00fcr die adoptierende Familie, f\u00fcr das Kind und f\u00fcr die urspr\u00fcngliche Umgebung des Kindes eine solche haben kann und wie sensibel vor allem die Kommunikation solcher F\u00e4lle gehandhabt werden muss.<\/p>\n<p> Madonnas Vorstellungen \u2013 als \u00abAkt der Barmherzigkeit\u00bb in aller \u00d6ffentlichkeit mal auf die Schnelle ein Kind aus Afrika nach Grossbritannien zu verschieben und es auch noch herum zu zeigen, um auf das Elend in dem Land aufmerksam zu machen \u2013 bewegen sich gedanklich auf dem Niveau eines pubertierenden Backfisches. Der moraltriefende Auftritt in der Show von Oprah Winfrey, in der Madonna die Adoption rechtfertigte, macht die ganze Chose nur noch schlimmer.<\/p>\n<p> Keineswegs besser steht es um das Verst\u00e4ndnis der S\u00e4ngerin um die komplexen Zusammenh\u00e4nge in der Entwicklungshilfe, speziell in Afrika. Auch in den Favelas S\u00fcdamerikas, den Vorst\u00e4dten Osteuropas, den Hinterh\u00f6fen asiatischer St\u00e4dte sterben t\u00e4glich Kinder, denen in nichts geholfen ist, wenn eines von ihnen aus einem afrikanischen Waisenhaus in ein britisches Prominentenheim verpflanzt wird.<\/p>\n<p> Hilfe vor Ort w\u00e4re effektiver und weniger demoralisierend f\u00fcr diejenigen, die nicht in ein Prominentenheim umziehen k\u00f6nnen, vor allem, wenn ihnen diese M\u00f6glichkeit als offenbar einzige Alternative zu ihrem Elend pr\u00e4sentiert wird. <\/p>\n<p> Wer Popmusik liebt \u2013 und es gibt viele Gr\u00fcnde, dies zu tun, denn es finden sich unter ihren Interpreten auch intelligente Weltenb\u00fcrgerinnen und -b\u00fcrger \u2013 sollte daf\u00fcr sorgen, dass sie durch Aktionen wie derjenigen Madonnas nicht der totalen geistigen Infantilisierung anheimf\u00e4llt. Die nach dem \u00fcberw\u00e4ltigenden medialen Erfolg von Bob Geldofs Live-Aid-Konzerten offenbar in Mode kommenden Trips nach Afrika von Schauspielern und Popsternchen sind leider die ersten Schritte dazu.<\/span> <span class=\"txt-m-black\">(<em>wb<\/em>)<\/span><\/p>\n<p> <center> <\/p>\n<table style=\"width: 420px;\" summary=\"linie\" border=\"0\" cellspacing=\"0\" cellpadding=\"0\">\n<tbody>\n<tr>\n<td colspan=\"9\" bgcolor=\"#666666\" height=\"1\"><img loading=\"lazy\" decoding=\"async\" src=\"http:\/\/212.60.37.143\/grafiken\/dbrown1x1.gif\" border=\"0\" width=\"1\" height=\"1\" \/><\/td>\n<\/tr>\n<\/tbody>\n<\/table>\n<p> <\/center> <\/p>\n<p><span class=\"txt-s-black\">Der Musikphilosoph Wolfgang B\u00f6hler (M.A.) studierte an der Universit\u00e4t Bern Wissenschaftstheorie, Mathematik und Musikwissenschaft. Er ist Chefredaktor des Codex flores Onlinemagazins.<\/span><\/p>\n","protected":false},"excerpt":{"rendered":"<p>Von Wolfgang B\u00f6hler \u00a0 27.10.2006 &#8212; Kaum hat die Popsirene Madonna ihre mit religi\u00f6sen Provokationen versetzte \u00abConfessions\u00bb-Tour hinter sich gebracht,&#8230;<\/p>\n","protected":false},"author":1,"featured_media":0,"comment_status":"open","ping_status":"open","sticky":false,"template":"","format":"standard","meta":{"footnotes":""},"categories":[5],"tags":[],"class_list":["post-349","post","type-post","status-publish","format-standard","hentry","category-editorials","entry"],"_links":{"self":[{"href":"https:\/\/codexflores.ch\/index.php\/wp-json\/wp\/v2\/posts\/349","targetHints":{"allow":["GET"]}}],"collection":[{"href":"https:\/\/codexflores.ch\/index.php\/wp-json\/wp\/v2\/posts"}],"about":[{"href":"https:\/\/codexflores.ch\/index.php\/wp-json\/wp\/v2\/types\/post"}],"author":[{"embeddable":true,"href":"https:\/\/codexflores.ch\/index.php\/wp-json\/wp\/v2\/users\/1"}],"replies":[{"embeddable":true,"href":"https:\/\/codexflores.ch\/index.php\/wp-json\/wp\/v2\/comments?post=349"}],"version-history":[{"count":0,"href":"https:\/\/codexflores.ch\/index.php\/wp-json\/wp\/v2\/posts\/349\/revisions"}],"wp:attachment":[{"href":"https:\/\/codexflores.ch\/index.php\/wp-json\/wp\/v2\/media?parent=349"}],"wp:term":[{"taxonomy":"category","embeddable":true,"href":"https:\/\/codexflores.ch\/index.php\/wp-json\/wp\/v2\/categories?post=349"},{"taxonomy":"post_tag","embeddable":true,"href":"https:\/\/codexflores.ch\/index.php\/wp-json\/wp\/v2\/tags?post=349"}],"curies":[{"name":"wp","href":"https:\/\/api.w.org\/{rel}","templated":true}]}}