{"id":3493,"date":"2018-08-21T09:46:03","date_gmt":"2018-08-21T09:46:03","guid":{"rendered":"https:\/\/codexflores.ch\/index.php\/2018\/08\/21\/von-peter-wechselt-von-luzern-nach-basel\/"},"modified":"2018-08-21T09:46:03","modified_gmt":"2018-08-21T09:46:03","slug":"von-peter-wechselt-von-luzern-nach-basel","status":"publish","type":"post","link":"https:\/\/codexflores.ch\/index.php\/2018\/08\/21\/von-peter-wechselt-von-luzern-nach-basel\/","title":{"rendered":"Von Peter wechselt von Luzern nach Basel"},"content":{"rendered":"<p><span style=\"font-family: arial, helvetica, sans-serif; font-size: small;\">21.08.2018 &#8211;Der Intendant des Luzerner Theater, Benedikt von Peter, wird ab 20\/21 Intendant des Theater Basel. Auch im \u00dcbergangsjahr 20\/21 wird er das Luzerner Theater k\u00fcnstlerisch pr\u00e4gen und in einem limitierten Pensum weiterhin intendantische Aufgaben wahrnehmen.<\/span><\/p>\n<p><span style=\"font-family: arial, helvetica, sans-serif; font-size: small;\"><strong>21.08.2018 &#8211;Der Intendant des Luzerner Theater, Benedikt von Peter, wird ab 20\/21 Intendant des Theater Basel. Auch im \u00dcbergangsjahr 20\/21 wird er das Luzerner Theater k\u00fcnstlerisch pr\u00e4gen und in einem limitierten Pensum weiterhin intendantische Aufgaben wahrnehmen.<\/strong><\/span><\/p>\n<p>\u00a0<\/p>\n<p><span style=\"font-family: arial, helvetica, sans-serif; font-size: small;\">Benedikt von Peter wurde 1977 in K\u00f6ln geboren, studierte in Bonn Musikwissenschaft, Germanistik, Jura und Gesang. Danach war er an verschiedenen H\u00e4usern Regieassistent und gr\u00fcndete ein freies Theaterkollektiv. Nach einigen Jahren in der Freien Szene inszenierte er an Theatern und Opern in Deutschland und der Schweiz, von 2012 bis 2016 leitete er die Musiktheatersparte des Theater Bremen. <\/span><\/p>\n<p>\u00a0<\/p>\n<p><span style=\"font-family: arial, helvetica, sans-serif; font-size: small;\">Seit Beginn der Intendanz Benedikt von Peter vor zwei Jahren befindet sich das Luzerner Theater im steten Aufbruch. Der junge Intendant, der sich dem \u00abRaumtheater\u00bb verschrieben hat, suchte im Umkreis von Luzern immer neue Spielorte, so etwa eine alte Viscose-Fabrikhalle in Emmenbr\u00fccke, in der \u00abRigoletto\u00bb vor st\u00e4ndig ausverkauftem Haus gespielt wurde. Zum Ende der vergangenen Spielzeit lockte das \u00abEin Luzerner Jedermann\u00bb-Freilichtspiel 9000 Besucher an. Benedikt von Peters dritte Spielzeit als Intendant des Luzerner Theater wird am 7. September mit der Premiere der Slapstick-Oper \u00abIm Amt f\u00fcr Todesangelegenheiten\u00bb er\u00f6ffnet. <em>(cf)<\/em><\/span><\/p>\n<p>\u00a0<\/p>\n<p>\u00a0<\/p>\n<p>\u00a0<\/p>\n","protected":false},"excerpt":{"rendered":"<p><span style=\"font-family: arial, helvetica, sans-serif; font-size: small;\">21.08.2018 &#8211;Der Intendant des Luzerner Theater, Benedikt von Peter, wird ab 20\/21 Intendant des Theater Basel. Auch im \u00dcbergangsjahr 20\/21 wird er das Luzerner Theater k\u00fcnstlerisch pr\u00e4gen und in einem limitierten Pensum weiterhin intendantische Aufgaben wahrnehmen.<\/span><\/p>\n","protected":false},"author":1,"featured_media":0,"comment_status":"open","ping_status":"open","sticky":false,"template":"","format":"standard","meta":{"footnotes":""},"categories":[2],"tags":[],"class_list":["post-3493","post","type-post","status-publish","format-standard","hentry","category-nachrichten","entry"],"_links":{"self":[{"href":"https:\/\/codexflores.ch\/index.php\/wp-json\/wp\/v2\/posts\/3493","targetHints":{"allow":["GET"]}}],"collection":[{"href":"https:\/\/codexflores.ch\/index.php\/wp-json\/wp\/v2\/posts"}],"about":[{"href":"https:\/\/codexflores.ch\/index.php\/wp-json\/wp\/v2\/types\/post"}],"author":[{"embeddable":true,"href":"https:\/\/codexflores.ch\/index.php\/wp-json\/wp\/v2\/users\/1"}],"replies":[{"embeddable":true,"href":"https:\/\/codexflores.ch\/index.php\/wp-json\/wp\/v2\/comments?post=3493"}],"version-history":[{"count":0,"href":"https:\/\/codexflores.ch\/index.php\/wp-json\/wp\/v2\/posts\/3493\/revisions"}],"wp:attachment":[{"href":"https:\/\/codexflores.ch\/index.php\/wp-json\/wp\/v2\/media?parent=3493"}],"wp:term":[{"taxonomy":"category","embeddable":true,"href":"https:\/\/codexflores.ch\/index.php\/wp-json\/wp\/v2\/categories?post=3493"},{"taxonomy":"post_tag","embeddable":true,"href":"https:\/\/codexflores.ch\/index.php\/wp-json\/wp\/v2\/tags?post=3493"}],"curies":[{"name":"wp","href":"https:\/\/api.w.org\/{rel}","templated":true}]}}