{"id":3496,"date":"2018-08-25T10:04:38","date_gmt":"2018-08-25T10:04:38","guid":{"rendered":"https:\/\/codexflores.ch\/index.php\/2018\/08\/25\/gare-du-nord-startet-saison-mit-kolik\/"},"modified":"2018-08-25T10:04:38","modified_gmt":"2018-08-25T10:04:38","slug":"gare-du-nord-startet-saison-mit-kolik","status":"publish","type":"post","link":"https:\/\/codexflores.ch\/index.php\/2018\/08\/25\/gare-du-nord-startet-saison-mit-kolik\/","title":{"rendered":"Gare du Nord startet Saison mit \u00abKolik\u00bb"},"content":{"rendered":"<p><span style=\"font-family: arial, helvetica, sans-serif; font-size: small;\">25.08.2018 &#8212; Der Basler Gare du Nord er\u00f6ffnet seine Spielzeit am 18. Oktober mit der Urauff\u00fchrung des Musiktheaterprojekts \u00abKolik\u00bb. Der Schweizer Komponist Jannik Giger hat den apokalyptischen Monolog mit dem Klangk\u00fcnstler Leo Hofmann und dem Regisseur Benjamin van Bebber in ein vielstimmiges Solo \u00fcbersetzt.<\/span><\/p>\n<p><span style=\"font-family: arial, helvetica, sans-serif; font-size: small;\"><strong>25.08.2018 &#8212; Der Basler Gare du Nord er\u00f6ffnet seine Spielzeit am 18. Oktober mit der Urauff\u00fchrung des Musiktheaterprojekts \u00abKolik\u00bb. Der Schweizer Komponist Jannik Giger hat den apokalyptischen Monolog mit dem Klangk\u00fcnstler Leo Hofmann und dem Regisseur Benjamin van Bebber in ein vielstimmiges Solo \u00fcbersetzt.<\/strong><\/span><\/p>\n<p><span style=\"font-family: arial, helvetica, sans-serif; font-size: small;\">\u00a0<\/span><\/p>\n<p><span style=\"font-family: arial, helvetica, sans-serif; font-size: small;\">Solistin ist die Sopranistin Sarah Maria Sun, eine der aussergew\u00f6hnlichsten und wichtigsten Interpretinnen zeitgen\u00f6ssischer Vokalmusik. Sie ist in \u00abKolik\u00bb nach Rainald Goetz gleichnamigem B\u00fchnenst\u00fcck erstmals im Gare du Nord zu erleben. Begleitet wird sie von InstrumentalsolistInnen aus der Schweiz und von dem koproduzierenden Berliner Solistenensemble Kaleidoskop.<\/span><\/p>\n<p><span style=\"font-family: arial, helvetica, sans-serif; font-size: small;\">\u00a0<\/span><\/p>\n<p><span style=\"font-family: arial, helvetica, sans-serif; font-size: small;\">Die Produktion ist Teil des Schwerpunktes \u00abMusiktheaterformen\u00bb, in dessen Rahmen der Gare du Nord in dieser Spielzeit acht h\u00f6chst unterschiedliche Musiktheaterproduktionen aus den Bereichen Kammeroper, instrumentales Theater, Th\u00e9\u00e2tre musical und experimentelles Musiktheater pr\u00e4sentiert. An zwei Abenden bittet der Musikwissenschaftler Roman Brotbeck in der Reihe \u00abPot au feu\u00bb nach der Auff\u00fchrung zu Tisch in die Bar du Nord. Bei Suppe und Wein geht es um Fragen, Eindr\u00fccke und um eine Auseinandersetzung mit der jeweiligen musiktheatralischen Form.\u00a0 <em>(cf)<\/em><\/span><\/p>\n<p>\u00a0<\/p>\n<p>\u00a0<\/p>\n","protected":false},"excerpt":{"rendered":"<p><span style=\"font-family: arial, helvetica, sans-serif; font-size: small;\">25.08.2018 &#8212; Der Basler Gare du Nord er\u00f6ffnet seine Spielzeit am 18. Oktober mit der Urauff\u00fchrung des Musiktheaterprojekts \u00abKolik\u00bb. Der Schweizer Komponist Jannik Giger hat den apokalyptischen Monolog mit dem Klangk\u00fcnstler Leo Hofmann und dem Regisseur Benjamin van Bebber in ein vielstimmiges Solo \u00fcbersetzt.<\/span><\/p>\n","protected":false},"author":1,"featured_media":0,"comment_status":"open","ping_status":"open","sticky":false,"template":"","format":"standard","meta":{"footnotes":""},"categories":[2],"tags":[],"class_list":["post-3496","post","type-post","status-publish","format-standard","hentry","category-nachrichten","entry"],"_links":{"self":[{"href":"https:\/\/codexflores.ch\/index.php\/wp-json\/wp\/v2\/posts\/3496","targetHints":{"allow":["GET"]}}],"collection":[{"href":"https:\/\/codexflores.ch\/index.php\/wp-json\/wp\/v2\/posts"}],"about":[{"href":"https:\/\/codexflores.ch\/index.php\/wp-json\/wp\/v2\/types\/post"}],"author":[{"embeddable":true,"href":"https:\/\/codexflores.ch\/index.php\/wp-json\/wp\/v2\/users\/1"}],"replies":[{"embeddable":true,"href":"https:\/\/codexflores.ch\/index.php\/wp-json\/wp\/v2\/comments?post=3496"}],"version-history":[{"count":0,"href":"https:\/\/codexflores.ch\/index.php\/wp-json\/wp\/v2\/posts\/3496\/revisions"}],"wp:attachment":[{"href":"https:\/\/codexflores.ch\/index.php\/wp-json\/wp\/v2\/media?parent=3496"}],"wp:term":[{"taxonomy":"category","embeddable":true,"href":"https:\/\/codexflores.ch\/index.php\/wp-json\/wp\/v2\/categories?post=3496"},{"taxonomy":"post_tag","embeddable":true,"href":"https:\/\/codexflores.ch\/index.php\/wp-json\/wp\/v2\/tags?post=3496"}],"curies":[{"name":"wp","href":"https:\/\/api.w.org\/{rel}","templated":true}]}}