{"id":3500,"date":"2018-09-05T09:54:10","date_gmt":"2018-09-05T09:54:10","guid":{"rendered":"https:\/\/codexflores.ch\/index.php\/2018\/09\/05\/pintscher-gibt-leitung-der-lucerne-festival-academy-per-sofort-ab\/"},"modified":"2018-09-05T09:54:10","modified_gmt":"2018-09-05T09:54:10","slug":"pintscher-gibt-leitung-der-lucerne-festival-academy-per-sofort-ab","status":"publish","type":"post","link":"https:\/\/codexflores.ch\/index.php\/2018\/09\/05\/pintscher-gibt-leitung-der-lucerne-festival-academy-per-sofort-ab\/","title":{"rendered":"Pintscher gibt Leitung der Lucerne Festival Academy per sofort ab"},"content":{"rendered":"<p><span style=\"font-family: arial, helvetica, sans-serif; font-size: small;\">05.09.2018 &#8212; Principal Conductor Matthias Pintscher ist aus pers\u00f6nlichen Gr\u00fcnden ausserstande, seinen weiteren Verpflichtungen im Rahmen der Lucerne Festival Academy nachzukommen. Noch offen ist, wer seine Aufgaben nun kurzfristig \u00fcbernimmt.<\/span><\/p>\n<p><strong><span style=\"font-family: arial, helvetica, sans-serif; font-size: small;\">05.09.2018 &#8212; Principal Conductor Matthias Pintscher ist aus pers\u00f6nlichen Gr\u00fcnden ausserstande, seinen weiteren Verpflichtungen im Rahmen der Lucerne Festival Academy nachzukommen. Noch offen ist, wer seine Aufgaben nun kurzfristig \u00fcbernimmt.<\/span><\/strong><\/p>\n<p><span style=\"font-family: arial, helvetica, sans-serif; font-size: small;\">\u00a0<\/span><\/p>\n<p><span style=\"font-family: arial, helvetica, sans-serif; font-size: small;\">Die Lucerne Festival Academy bietet jedes Jahr w\u00e4hrend des Luzerner Sommer-Festivals Musikstudentinnen und -studenten und professionellen Musikerinnen und Musikern, die j\u00fcnger als 32 Jahre sind, Meisterkurse sowie Dirigenten- und Komponistenseminare an. <\/span><\/p>\n<p>\u00a0<\/p>\n<p><span style=\"font-family: arial, helvetica, sans-serif; font-size: small;\">Die Festival-Leitung schreibt, sie kl\u00e4re sie gegenw\u00e4rtig ab, wer die Aufgaben von Matthias Pintscher als Dirigent des Orchesters der Lucerne Festival Academy \u00fcbernehmen wird, die dieses Jahr noch verbleiben. Das Orchester der Akademie tritt in diesem Jahr neben Luzern auch in Berlin, Hamburg und Paris auf. K\u00fcnstlerischer Leiter der Lucerne Festival Academy ist Wolfgang Rihm.<em> (cf)<\/em><\/span><\/p>\n<p>\u00a0<\/p>\n<p>\u00a0<\/p>\n","protected":false},"excerpt":{"rendered":"<p><span style=\"font-family: arial, helvetica, sans-serif; font-size: small;\">05.09.2018 &#8212; Principal Conductor Matthias Pintscher ist aus pers\u00f6nlichen Gr\u00fcnden ausserstande, seinen weiteren Verpflichtungen im Rahmen der Lucerne Festival Academy nachzukommen. Noch offen ist, wer seine Aufgaben nun kurzfristig \u00fcbernimmt.<\/span><\/p>\n","protected":false},"author":1,"featured_media":0,"comment_status":"open","ping_status":"open","sticky":false,"template":"","format":"standard","meta":{"footnotes":""},"categories":[2],"tags":[],"class_list":["post-3500","post","type-post","status-publish","format-standard","hentry","category-nachrichten","entry"],"_links":{"self":[{"href":"https:\/\/codexflores.ch\/index.php\/wp-json\/wp\/v2\/posts\/3500","targetHints":{"allow":["GET"]}}],"collection":[{"href":"https:\/\/codexflores.ch\/index.php\/wp-json\/wp\/v2\/posts"}],"about":[{"href":"https:\/\/codexflores.ch\/index.php\/wp-json\/wp\/v2\/types\/post"}],"author":[{"embeddable":true,"href":"https:\/\/codexflores.ch\/index.php\/wp-json\/wp\/v2\/users\/1"}],"replies":[{"embeddable":true,"href":"https:\/\/codexflores.ch\/index.php\/wp-json\/wp\/v2\/comments?post=3500"}],"version-history":[{"count":0,"href":"https:\/\/codexflores.ch\/index.php\/wp-json\/wp\/v2\/posts\/3500\/revisions"}],"wp:attachment":[{"href":"https:\/\/codexflores.ch\/index.php\/wp-json\/wp\/v2\/media?parent=3500"}],"wp:term":[{"taxonomy":"category","embeddable":true,"href":"https:\/\/codexflores.ch\/index.php\/wp-json\/wp\/v2\/categories?post=3500"},{"taxonomy":"post_tag","embeddable":true,"href":"https:\/\/codexflores.ch\/index.php\/wp-json\/wp\/v2\/tags?post=3500"}],"curies":[{"name":"wp","href":"https:\/\/api.w.org\/{rel}","templated":true}]}}