{"id":3501,"date":"2018-09-06T11:30:43","date_gmt":"2018-09-06T11:30:43","guid":{"rendered":"https:\/\/codexflores.ch\/index.php\/2018\/09\/06\/opus-klassik-fuer-muehlemann-und-capricornus-consort\/"},"modified":"2018-09-06T11:30:43","modified_gmt":"2018-09-06T11:30:43","slug":"opus-klassik-fuer-muehlemann-und-capricornus-consort","status":"publish","type":"post","link":"https:\/\/codexflores.ch\/index.php\/2018\/09\/06\/opus-klassik-fuer-muehlemann-und-capricornus-consort\/","title":{"rendered":"Opus Klassik f\u00fcr M\u00fchlemann und Capricornus Consort"},"content":{"rendered":"<p><span style=\"font-family: arial, helvetica, sans-serif; font-size: small;\">06.09.2018 &#8212; Die S\u00e4ngerin Regula M\u00fchlemann und das <span class=\"s1\">Capricornus Consort Basel geh\u00f6ren zu den ersten Empf\u00e4ngern des Echo-Folgepreises Opus Klassik.<\/span><\/span><\/p>\n<p><span style=\"font-family: arial, helvetica, sans-serif; font-size: small;\"><strong><span class=\"s1\">06.09.2018 &#8212; Die S\u00e4ngerin Regula M\u00fchlemann und das <span class=\"s1\">Capricornus Consort Basel geh\u00f6ren zu den ersten Empf\u00e4ngern des Echo-Folgepreises Opus Klassik.<\/span><\/span><\/strong><\/span> <\/p>\n<p>\u00a0<\/p>\n<p><span style=\"font-family: arial, helvetica, sans-serif; font-size: small;\">M\u00fchlemann erh\u00e4lt den Preis in der Kategorie Nachwuchsk\u00fcsterlin des Jahres (Gesang) und das <span class=\"s1\">Capricornus Consort Basel in der Kategorie <span class=\"s1\">Sinfonische Einspielung des Jahres (Musik bis inkl. 18. Jh.) zusammen mit Peter Barczi f\u00fcr die Einspielung von <span class=\"s1\">Franz Xaver Richters Sinfonias und Sonatas.<\/span><\/span><\/span><\/span><\/p>\n<p><span class=\"s1\" style=\"font-family: arial, helvetica, sans-serif; font-size: small;\"><span class=\"s1\"><span class=\"s1\">\u00a0<\/span><\/span><\/span><\/p>\n<p><span class=\"s1\" style=\"font-family: arial, helvetica, sans-serif; font-size: small;\"><span class=\"s1\"><span class=\"s1\">Ausrichter des Preises ist der neu gegr\u00fcndete Verein zur F\u00f6rderung der Klassischen Musik e.V.. Die Gr\u00fcndungsmitglieder sind die Association of Classical Independents in Germany, die Deutsche Grammophon, die Konzertdirektion Dr. Rudolf Goette, Dagmar Sikorski, Sony Music, Benedikt Stampa und die Warner Music Group. Ausgestrahlt wird die Preisverleihung am 14. Oktober um 22 Uhr beim Medienpartner ZDF. <em>(cf)<\/em><\/span><\/span><\/span><\/p>\n<p><span class=\"s1\"><span class=\"s1\"><span class=\"s1\">\u00a0<\/span><\/span><\/span><\/p>\n<p>\u00a0<\/p>\n<p><span class=\"s1\">\u00a0<\/span><\/p>\n","protected":false},"excerpt":{"rendered":"<p><span style=\"font-family: arial, helvetica, sans-serif; font-size: small;\">06.09.2018 &#8212; Die S\u00e4ngerin Regula M\u00fchlemann und das <span class=\"s1\">Capricornus Consort Basel geh\u00f6ren zu den ersten Empf\u00e4ngern des Echo-Folgepreises Opus Klassik.<\/span><\/span><\/p>\n","protected":false},"author":1,"featured_media":0,"comment_status":"open","ping_status":"open","sticky":false,"template":"","format":"standard","meta":{"footnotes":""},"categories":[2],"tags":[],"class_list":["post-3501","post","type-post","status-publish","format-standard","hentry","category-nachrichten","entry"],"_links":{"self":[{"href":"https:\/\/codexflores.ch\/index.php\/wp-json\/wp\/v2\/posts\/3501","targetHints":{"allow":["GET"]}}],"collection":[{"href":"https:\/\/codexflores.ch\/index.php\/wp-json\/wp\/v2\/posts"}],"about":[{"href":"https:\/\/codexflores.ch\/index.php\/wp-json\/wp\/v2\/types\/post"}],"author":[{"embeddable":true,"href":"https:\/\/codexflores.ch\/index.php\/wp-json\/wp\/v2\/users\/1"}],"replies":[{"embeddable":true,"href":"https:\/\/codexflores.ch\/index.php\/wp-json\/wp\/v2\/comments?post=3501"}],"version-history":[{"count":0,"href":"https:\/\/codexflores.ch\/index.php\/wp-json\/wp\/v2\/posts\/3501\/revisions"}],"wp:attachment":[{"href":"https:\/\/codexflores.ch\/index.php\/wp-json\/wp\/v2\/media?parent=3501"}],"wp:term":[{"taxonomy":"category","embeddable":true,"href":"https:\/\/codexflores.ch\/index.php\/wp-json\/wp\/v2\/categories?post=3501"},{"taxonomy":"post_tag","embeddable":true,"href":"https:\/\/codexflores.ch\/index.php\/wp-json\/wp\/v2\/tags?post=3501"}],"curies":[{"name":"wp","href":"https:\/\/api.w.org\/{rel}","templated":true}]}}