{"id":3503,"date":"2018-09-13T06:35:09","date_gmt":"2018-09-13T06:35:09","guid":{"rendered":"https:\/\/codexflores.ch\/index.php\/2018\/09\/13\/damev-folgt-beim-septembre-musical-auf-richter\/"},"modified":"2018-09-13T06:35:09","modified_gmt":"2018-09-13T06:35:09","slug":"damev-folgt-beim-septembre-musical-auf-richter","status":"publish","type":"post","link":"https:\/\/codexflores.ch\/index.php\/2018\/09\/13\/damev-folgt-beim-septembre-musical-auf-richter\/","title":{"rendered":"Damev folgt beim Septembre Musical auf Richter"},"content":{"rendered":"<p><span style=\"font-family: arial, helvetica, sans-serif; font-size: small;\">13.09.2018 &#8211; Mischa Damev, der Intendant der Migros Kulturprozent Classics, folgt beim Festival Septembre Musical in Montreux-Vevey als k\u00fcnstlerischer Leiter auf Tobias Richter.<\/span><\/p>\n<p>\u00a0<\/p>\n<p><span style=\"font-family: arial, helvetica, sans-serif; font-size: small;\"><strong>13.09.2018 &#8211; Mischa Damev, der Intendant der Migros Kulturprozent Classics, folgt beim Festival Septembre Musical in Montreux-Vevey als k\u00fcnstlerischer Leiter auf Tobias Richter.<\/strong><\/span><\/p>\n<p>\u00a0<\/p>\n<p><span style=\"font-family: arial, helvetica, sans-serif; font-size: small;\">Die Funktion als Leiter Musik der Direktion Kultur und Soziales des Migros-Genossenschafts-Bundes beh\u00e4lt Damev auch neben seiner neuen Funktion in der Westschweiz. Richter hatte Amt in Montreux-Vevey seit 2004 inne.<\/span><\/p>\n<p>\u00a0<\/p>\n<p><span style=\"font-family: arial, helvetica, sans-serif; font-size: small;\">Von 1990 bis 1999 war Damev k\u00fcnstlerischer Leiter des Internationalen Orpheum Festivals f\u00fcr junge Solisten in Z\u00fcrich. Von 1992 bis 2007 leitete er die Lilienberg-Rezitale sowie das Aktionsfeld Kunst und Kultur der Lilienberg Stiftung in Ermatingen. 2000 wurde er zum Direktor des internationalen Masterprize Competition for Contemporary Music in London berufen. 2006 \u00fcbernahm er als CEO das Unternehmerforum Lilienberg in Ermatingen. Seit 2007 ist er Leiter Musik der Direktion Kultur und Soziales des Migros-Genossenschafts-Bundes. <em>(cf)<\/em><\/span><\/p>\n<p>\u00a0<\/p>\n<p>\u00a0<\/p>\n<p>\u00a0<\/p>\n","protected":false},"excerpt":{"rendered":"<p><span style=\"font-family: arial, helvetica, sans-serif; font-size: small;\">13.09.2018 &#8211; Mischa Damev, der Intendant der Migros Kulturprozent Classics, folgt beim Festival Septembre Musical in Montreux-Vevey als k\u00fcnstlerischer Leiter auf Tobias Richter.<\/span><\/p>\n","protected":false},"author":1,"featured_media":0,"comment_status":"open","ping_status":"open","sticky":false,"template":"","format":"standard","meta":{"footnotes":""},"categories":[2],"tags":[],"class_list":["post-3503","post","type-post","status-publish","format-standard","hentry","category-nachrichten","entry"],"_links":{"self":[{"href":"https:\/\/codexflores.ch\/index.php\/wp-json\/wp\/v2\/posts\/3503","targetHints":{"allow":["GET"]}}],"collection":[{"href":"https:\/\/codexflores.ch\/index.php\/wp-json\/wp\/v2\/posts"}],"about":[{"href":"https:\/\/codexflores.ch\/index.php\/wp-json\/wp\/v2\/types\/post"}],"author":[{"embeddable":true,"href":"https:\/\/codexflores.ch\/index.php\/wp-json\/wp\/v2\/users\/1"}],"replies":[{"embeddable":true,"href":"https:\/\/codexflores.ch\/index.php\/wp-json\/wp\/v2\/comments?post=3503"}],"version-history":[{"count":0,"href":"https:\/\/codexflores.ch\/index.php\/wp-json\/wp\/v2\/posts\/3503\/revisions"}],"wp:attachment":[{"href":"https:\/\/codexflores.ch\/index.php\/wp-json\/wp\/v2\/media?parent=3503"}],"wp:term":[{"taxonomy":"category","embeddable":true,"href":"https:\/\/codexflores.ch\/index.php\/wp-json\/wp\/v2\/categories?post=3503"},{"taxonomy":"post_tag","embeddable":true,"href":"https:\/\/codexflores.ch\/index.php\/wp-json\/wp\/v2\/tags?post=3503"}],"curies":[{"name":"wp","href":"https:\/\/api.w.org\/{rel}","templated":true}]}}