{"id":3504,"date":"2018-09-14T08:18:17","date_gmt":"2018-09-14T08:18:17","guid":{"rendered":"https:\/\/codexflores.ch\/index.php\/2018\/09\/14\/bilanz-von-lucerne-festival-2018\/"},"modified":"2018-09-14T08:18:17","modified_gmt":"2018-09-14T08:18:17","slug":"bilanz-von-lucerne-festival-2018","status":"publish","type":"post","link":"https:\/\/codexflores.ch\/index.php\/2018\/09\/14\/bilanz-von-lucerne-festival-2018\/","title":{"rendered":"Bilanz von Lucerne Festival 2018"},"content":{"rendered":"<p>14.09.2018 &#8212; Mit insgesamt 79&#8217;400 Eintritten zieht Lucerne Festival auch in diesem Jahr eine positive Bilanz: Die 78 Verkaufsveranstaltungen waren laut dem Veranstalter zu 89 Prozent mit 65\u2019400 Besuchern ausgelastet, das seien 800 mehr als im Vorjahr, 14 Konzerte waren ausverkauft.<\/p>\n<p><strong>14.09.2018 &#8212; Mit insgesamt 79&#8217;400 Eintritten zieht Lucerne Festival auch in diesem Jahr eine positive Bilanz: Die 78 Verkaufsveranstaltungen waren laut dem Veranstalter zu 89 Prozent mit 65\u2019400 Besuchern ausgelastet, das seien 800 mehr als im Vorjahr, 14 Konzerte waren ausverkauft.<\/strong><\/p>\n<p>\u00a0<\/p>\n<p>Die 32 Sinfoniekonzerte waren zu 90 Prozent besetzt. Dar\u00fcber hinaus bot Lucerne Festival 37 Gratis-Veranstaltungen an, zu de\u00adnen sich insgesamt 14\u2019000 Interessierte einfanden. Der Erlebnistag zum Festivalthema \u00abKind\u00adheit\u00bb lockte 5200 interessenten aller Altersstufen ins KKL Luzern, zu den zehn Terminen der beliebten Gratis-Reihe \u00ab40min\u00bb kamen insgesamt 4600 Besucher. Das Festival \u00abIn den Strassen\u00bb war auch dieses Jahr mit rund 5200 Besuchern stark frequentiert.<\/p>\n<p>\u00a0<\/p>\n<p>\u00a0<\/p>\n<p>Das Thema \u00abKindheit\u00bb griff das Festival am Er\u00f6ffnungswochenende mit dem Orchestercamp auf, das in Kooperation mit Superar Suisse und rund 130 Kindern durchgef\u00fchrt wurde. Es folgten Konzerte mit dem Composer in Residence Fritz Hauser und Artiste \u00e9toile Sol Gabetta, sowie Weltmusik als Teil des Festivals \u00abIn den Strassen\u00bb. Hinzu kam eine \u00abWunderkind\u00bb-Reihe, in der sich unter anderem die 13-j\u00e4hrige Jung-Komponistin Alma Deutscher vorstellte, sowie weitere Konzerte mit jungen Solisten und Jugend\u00adorchestern.<\/p>\n<p>\u00a0<\/p>\n<p>Den Schlusspunkt des Festivals setzt am Sonntag Cecilia Bartoli mit einer halbszenischen Auff\u00fchrung von Rossinis Kom\u00f6die <em>La cenerentola. (cf)<\/em> <\/p>\n<p>\u00a0<\/p>\n<p>\u00a0<\/p>\n","protected":false},"excerpt":{"rendered":"<p>14.09.2018 &#8212; Mit insgesamt 79&#8217;400 Eintritten zieht Lucerne Festival auch in diesem Jahr eine positive Bilanz: Die 78 Verkaufsveranstaltungen waren laut dem Veranstalter zu 89 Prozent mit 65\u2019400 Besuchern ausgelastet, das seien 800 mehr als im Vorjahr, 14 Konzerte waren ausverkauft.<\/p>\n","protected":false},"author":1,"featured_media":0,"comment_status":"open","ping_status":"open","sticky":false,"template":"","format":"standard","meta":{"footnotes":""},"categories":[2],"tags":[],"class_list":["post-3504","post","type-post","status-publish","format-standard","hentry","category-nachrichten","entry"],"_links":{"self":[{"href":"https:\/\/codexflores.ch\/index.php\/wp-json\/wp\/v2\/posts\/3504","targetHints":{"allow":["GET"]}}],"collection":[{"href":"https:\/\/codexflores.ch\/index.php\/wp-json\/wp\/v2\/posts"}],"about":[{"href":"https:\/\/codexflores.ch\/index.php\/wp-json\/wp\/v2\/types\/post"}],"author":[{"embeddable":true,"href":"https:\/\/codexflores.ch\/index.php\/wp-json\/wp\/v2\/users\/1"}],"replies":[{"embeddable":true,"href":"https:\/\/codexflores.ch\/index.php\/wp-json\/wp\/v2\/comments?post=3504"}],"version-history":[{"count":0,"href":"https:\/\/codexflores.ch\/index.php\/wp-json\/wp\/v2\/posts\/3504\/revisions"}],"wp:attachment":[{"href":"https:\/\/codexflores.ch\/index.php\/wp-json\/wp\/v2\/media?parent=3504"}],"wp:term":[{"taxonomy":"category","embeddable":true,"href":"https:\/\/codexflores.ch\/index.php\/wp-json\/wp\/v2\/categories?post=3504"},{"taxonomy":"post_tag","embeddable":true,"href":"https:\/\/codexflores.ch\/index.php\/wp-json\/wp\/v2\/tags?post=3504"}],"curies":[{"name":"wp","href":"https:\/\/api.w.org\/{rel}","templated":true}]}}