{"id":3508,"date":"2018-09-20T05:56:15","date_gmt":"2018-09-20T05:56:15","guid":{"rendered":"https:\/\/codexflores.ch\/index.php\/2018\/09\/20\/arte-uebertraegt-europaeische-operninszenierungen\/"},"modified":"2018-09-20T05:56:15","modified_gmt":"2018-09-20T05:56:15","slug":"arte-uebertraegt-europaeische-operninszenierungen","status":"publish","type":"post","link":"https:\/\/codexflores.ch\/index.php\/2018\/09\/20\/arte-uebertraegt-europaeische-operninszenierungen\/","title":{"rendered":"Arte \u00fcbertr\u00e4gt europ\u00e4ische Operninszenierungen"},"content":{"rendered":"<p><span style=\"font-family: arial, helvetica, sans-serif; font-size: small;\">20.09.2018 &#8212; Der deutschfranz\u00f6sische Kultursender Arte \u00fcbertr\u00e4gt diese Saison Inszenierungen aus 22 Opernh\u00e4user aus 14 L\u00e4ndern. Darunter finden sich auch Schweizer Produktionen.<\/span><\/p>\n<p><strong><span style=\"font-family: arial, helvetica, sans-serif; font-size: small;\">20.09.2018 &#8212; Der deutschfranz\u00f6sische Kultursender Arte \u00fcbertr\u00e4gt diese Saison Inszenierungen aus 22 Opernh\u00e4user aus 14 L\u00e4ndern. Darunter finden sich auch Schweizer Produktionen.<\/span><\/strong><\/p>\n<p><span style=\"font-family: arial, helvetica, sans-serif; font-size: small;\">\u00a0<\/span><\/p>\n<p><span style=\"font-family: arial, helvetica, sans-serif; font-size: small;\">Die \u00dcbertragungen sind weltweit frei verf\u00fcgbar und untertitelt in sechs Sprachen. Zu erleben sind jeden Monat neue Produktionen aus einigen der renommiertesten Opernh\u00e4usern Europas zu erleben. Aus Lausanne \u00fcbertragen wird Mozarts \u00abCos\u00ec fan tutte\u00bb (7. November), aus dem Opernhaus Z\u00fcrich Verdis\u00a0\u00abNabucco\u00bb (Juni 2019).\u00a0<\/span><\/p>\n<p><span style=\"font-family: arial, helvetica, sans-serif; font-size: small;\">\u00a0<\/span><\/p>\n<p><span style=\"font-family: arial, helvetica, sans-serif; font-size: small;\">Den Auftakt macht am 27. September Mozarts \u00abZauberfl\u00f6te\u00bb aus Br\u00fcssel. in einer inszenierung von Romeo Castellucci. Antonello Manacorda \u00fcbernimmt die musikalische Leitung, Sabine Devieilhe singt die K\u00f6nigin der Nacht. <em>(cf)<\/em> <\/span><\/p>\n<p><span style=\"font-family: arial, helvetica, sans-serif; font-size: small;\">\u00a0<\/span><\/p>\n<p><span style=\"font-family: arial, helvetica, sans-serif; font-size: small;\"><strong>Das ganze Programm: <\/strong><a href=\"http:\/\/static.ow.ly\/docs\/michel_7Wcf.pdf\" target=\"_blank\" rel=\"noopener noreferrer\">static.ow.ly\/docs\/michel_7Wcf.pdf<\/a><\/span><\/p>\n","protected":false},"excerpt":{"rendered":"<p><span style=\"font-family: arial, helvetica, sans-serif; font-size: small;\">20.09.2018 &#8212; Der deutschfranz\u00f6sische Kultursender Arte \u00fcbertr\u00e4gt diese Saison Inszenierungen aus 22 Opernh\u00e4user aus 14 L\u00e4ndern. Darunter finden sich auch Schweizer Produktionen.<\/span><\/p>\n","protected":false},"author":1,"featured_media":0,"comment_status":"open","ping_status":"open","sticky":false,"template":"","format":"standard","meta":{"footnotes":""},"categories":[2],"tags":[],"class_list":["post-3508","post","type-post","status-publish","format-standard","hentry","category-nachrichten","entry"],"_links":{"self":[{"href":"https:\/\/codexflores.ch\/index.php\/wp-json\/wp\/v2\/posts\/3508","targetHints":{"allow":["GET"]}}],"collection":[{"href":"https:\/\/codexflores.ch\/index.php\/wp-json\/wp\/v2\/posts"}],"about":[{"href":"https:\/\/codexflores.ch\/index.php\/wp-json\/wp\/v2\/types\/post"}],"author":[{"embeddable":true,"href":"https:\/\/codexflores.ch\/index.php\/wp-json\/wp\/v2\/users\/1"}],"replies":[{"embeddable":true,"href":"https:\/\/codexflores.ch\/index.php\/wp-json\/wp\/v2\/comments?post=3508"}],"version-history":[{"count":0,"href":"https:\/\/codexflores.ch\/index.php\/wp-json\/wp\/v2\/posts\/3508\/revisions"}],"wp:attachment":[{"href":"https:\/\/codexflores.ch\/index.php\/wp-json\/wp\/v2\/media?parent=3508"}],"wp:term":[{"taxonomy":"category","embeddable":true,"href":"https:\/\/codexflores.ch\/index.php\/wp-json\/wp\/v2\/categories?post=3508"},{"taxonomy":"post_tag","embeddable":true,"href":"https:\/\/codexflores.ch\/index.php\/wp-json\/wp\/v2\/tags?post=3508"}],"curies":[{"name":"wp","href":"https:\/\/api.w.org\/{rel}","templated":true}]}}