{"id":3509,"date":"2018-09-26T05:47:14","date_gmt":"2018-09-26T05:47:14","guid":{"rendered":"https:\/\/codexflores.ch\/index.php\/2018\/09\/26\/jahrestagung-der-gesellschaft-fuer-musikforschung\/"},"modified":"2018-09-26T05:47:14","modified_gmt":"2018-09-26T05:47:14","slug":"jahrestagung-der-gesellschaft-fuer-musikforschung","status":"publish","type":"post","link":"https:\/\/codexflores.ch\/index.php\/2018\/09\/26\/jahrestagung-der-gesellschaft-fuer-musikforschung\/","title":{"rendered":"Jahrestagung der Gesellschaft f\u00fcr Musikforschung"},"content":{"rendered":"<p><span style=\"font-family: arial, helvetica, sans-serif; font-size: small;\">26.09.2018 &#8212; An der Uni Osnabr\u00fcck findet zur Zeit die Jahrestagung der Gesellschaft f\u00fcr Musikforschung statt. Rund 250 Musikwissenschaftler aus Deutschland, Frankreich, Italien, \u00d6sterreich, Schweden, Schweiz und den USA treffen sich.<\/span><\/p>\n<p><span style=\"font-family: arial, helvetica, sans-serif; font-size: small;\"><strong>26.09.2018 &#8212; An der Uni Osnabr\u00fcck findet zur Zeit die Jahrestagung der Gesellschaft f\u00fcr Musikforschung statt. Rund 250 Musikwissenschaftler aus Deutschland, Frankreich, Italien, \u00d6sterreich, Schweden, Schweiz und den USA treffen sich.<\/strong><\/span><\/p>\n<p><span style=\"font-family: arial, helvetica, sans-serif; font-size: small;\">\u00a0<\/span><\/p>\n<p><span style=\"font-family: arial, helvetica, sans-serif; font-size: small;\">Ein Symposion des Treffens behandelt die Auswirkungen und Einfl\u00fcssen des Krieges auf die Musik in Deutschland, England, Italien, Frankreich und Russland. Es geht um widerst\u00e4ndige Soldatenlieder, die Rolle der Unterhaltungsmusik an der Heimatfront, die Reaktionen des Musikbetriebs auf den Kriegszustand und vieles mehr. <\/span><\/p>\n<p>\u00a0<\/p>\n<p><span style=\"font-family: arial, helvetica, sans-serif; font-size: small;\">R\u00e4tselhafte klingende Steine in Indonesien, die Identifikation von Dirigenten durch ihre typischen Bewegungen und der Klang von Musikinstrumenten in virtuellen R\u00e4umen sind Themen eines Symposions zur empirischen Musikforschung. Ein drittes besch\u00e4ftigt sich mit der Musik der Welt und ihren musikp\u00e4dagogischen Kontexten. Es behandelt die Geschichte und Perspektiven einer interkulturell orientierten Musikp\u00e4dagogik. Diskutiert werden zum Beispiel Fragen kultureller Identit\u00e4ten, Afrika im Musikunterricht und das Unterrichtsziel von Toleranz gegen\u00fcber dem musikalisch Fremdartigen. <em>(cf)<\/em><\/span><\/p>\n<p><span style=\"font-family: arial, helvetica, sans-serif; font-size: small;\"><em><\/p>\n<p><\/em><strong>Mehr Infos:<br \/><\/strong><a href=\"https:\/\/www.musik.uni-osnabrueck.de\/veranstaltungen\/aktuelle_tagungen\/gfm_2018\/tagungsprogramm.html\" target=\"_blank\" rel=\"noopener noreferrer\">https:\/\/www.musik.uni-osnabrueck.de<\/a><\/span><\/p>\n<p><a href=\"https:\/\/www.musik.uni-osnabrueck.de\/veranstaltungen\/aktuelle_tagungen\/gfm_2018\/tagungsprogramm.html%20%20%20\" target=\"_blank\" rel=\"noopener noreferrer\">\u00a0<\/a><\/p>\n<p>\u00a0<\/p>\n","protected":false},"excerpt":{"rendered":"<p><span style=\"font-family: arial, helvetica, sans-serif; font-size: small;\">26.09.2018 &#8212; An der Uni Osnabr\u00fcck findet zur Zeit die Jahrestagung der Gesellschaft f\u00fcr Musikforschung statt. Rund 250 Musikwissenschaftler aus Deutschland, Frankreich, Italien, \u00d6sterreich, Schweden, Schweiz und den USA treffen sich.<\/span><\/p>\n","protected":false},"author":1,"featured_media":0,"comment_status":"open","ping_status":"open","sticky":false,"template":"","format":"standard","meta":{"footnotes":""},"categories":[2],"tags":[],"class_list":["post-3509","post","type-post","status-publish","format-standard","hentry","category-nachrichten","entry"],"_links":{"self":[{"href":"https:\/\/codexflores.ch\/index.php\/wp-json\/wp\/v2\/posts\/3509","targetHints":{"allow":["GET"]}}],"collection":[{"href":"https:\/\/codexflores.ch\/index.php\/wp-json\/wp\/v2\/posts"}],"about":[{"href":"https:\/\/codexflores.ch\/index.php\/wp-json\/wp\/v2\/types\/post"}],"author":[{"embeddable":true,"href":"https:\/\/codexflores.ch\/index.php\/wp-json\/wp\/v2\/users\/1"}],"replies":[{"embeddable":true,"href":"https:\/\/codexflores.ch\/index.php\/wp-json\/wp\/v2\/comments?post=3509"}],"version-history":[{"count":0,"href":"https:\/\/codexflores.ch\/index.php\/wp-json\/wp\/v2\/posts\/3509\/revisions"}],"wp:attachment":[{"href":"https:\/\/codexflores.ch\/index.php\/wp-json\/wp\/v2\/media?parent=3509"}],"wp:term":[{"taxonomy":"category","embeddable":true,"href":"https:\/\/codexflores.ch\/index.php\/wp-json\/wp\/v2\/categories?post=3509"},{"taxonomy":"post_tag","embeddable":true,"href":"https:\/\/codexflores.ch\/index.php\/wp-json\/wp\/v2\/tags?post=3509"}],"curies":[{"name":"wp","href":"https:\/\/api.w.org\/{rel}","templated":true}]}}