{"id":3511,"date":"2018-10-01T05:59:13","date_gmt":"2018-10-01T05:59:13","guid":{"rendered":"https:\/\/codexflores.ch\/index.php\/2018\/10\/01\/deutscher-komponist-friedhelm-doehl-gestorben\/"},"modified":"2018-10-01T05:59:13","modified_gmt":"2018-10-01T05:59:13","slug":"deutscher-komponist-friedhelm-doehl-gestorben","status":"publish","type":"post","link":"https:\/\/codexflores.ch\/index.php\/2018\/10\/01\/deutscher-komponist-friedhelm-doehl-gestorben\/","title":{"rendered":"Deutscher Komponist Friedhelm D\u00f6hl gestorben"},"content":{"rendered":"<p><span style=\"font-family: arial, helvetica, sans-serif; font-size: small;\">01.10.2018 &#8212; Der deutsche Komponist Friedhelm D\u00f6hl, der von 1974 bis 1982 als Direktor der Musik-Akademie Basel amtete und dort unter anderem das Studio f\u00fcr Elektronische Musik mitbegr\u00fcndete, ist laut einer Mitteilung der Musikhochschule L\u00fcbeck im Alter von 82 Jahren verstorben.<\/span><\/p>\n<p>\u00a0<\/p>\n<p><span style=\"font-family: arial, helvetica, sans-serif; font-size: small;\"><strong>01.10.2018 &#8212; Der deutsche Komponist Friedhelm D\u00f6hl, der von 1974 bis 1982 als Direktor der Musik-Akademie Basel amtete und dort unter anderem das Studio f\u00fcr Elektronische Musik mitbegr\u00fcndete, ist laut einer Mitteilung der Musikhochschule L\u00fcbeck im Alter von 82 Jahren verstorben.<\/strong><\/span><\/p>\n<p>\u00a0<\/p>\n<p><span style=\"font-family: arial, helvetica, sans-serif; font-size: small;\">Friedhelm D\u00f6hl war laut der Mitteilung \u00abeine wichtige Stimme in der zeitgen\u00f6ssischen Musik\u00bb. Er schuf ein umfangreiches und vielf\u00e4ltiges \u0152uvre f\u00fcr Soloinstrumente, Kammermusikensemble, Stimme, Orchester und Musiktheater. In expressiver Tonsprache widmete D\u00f6hl \u00absich in seinen Werken dem Nachdenken \u00fcber Sein und Dasein, h\u00e4ufig in Beziehung zu anderen Kunstformen wie Literatur und bildender Kunst\u00bb.<\/span><\/p>\n<p>\u00a0<\/p>\n<p><span style=\"font-family: arial, helvetica, sans-serif; font-size: small;\">Der 1936 in G\u00f6ttingen geborene D\u00f6hl studierte an der Musikhochschule Freiburg unter anderem bei Wolfgang Fortner sowie an den Universit\u00e4ten Freiburg und G\u00f6ttingen. 1964 bis 1967 Dozent am Robert-Schumann-Konservatorium D\u00fcsseldorf (Gr\u00fcndung des Studios f\u00fcr Neue Musik). Von 1969 bis 1974 war er Professor am Musikwissenschaftlichen Institut der Freien Universit\u00e4t Berlin. Ab 1982 amtete er als Professor f\u00fcr Komposition an der Musikhochschule L\u00fcbeck und von 1991 bis 1994 ebendort als Rektor. <\/span><\/p>\n<p>\u00a0<\/p>\n<p>\u00a0<\/p>\n","protected":false},"excerpt":{"rendered":"<p><span style=\"font-family: arial, helvetica, sans-serif; font-size: small;\">01.10.2018 &#8212; Der deutsche Komponist Friedhelm D\u00f6hl, der von 1974 bis 1982 als Direktor der Musik-Akademie Basel amtete und dort unter anderem das Studio f\u00fcr Elektronische Musik mitbegr\u00fcndete, ist laut einer Mitteilung der Musikhochschule L\u00fcbeck im Alter von 82 Jahren verstorben.<\/span><\/p>\n","protected":false},"author":1,"featured_media":0,"comment_status":"open","ping_status":"open","sticky":false,"template":"","format":"standard","meta":{"footnotes":""},"categories":[2],"tags":[],"class_list":["post-3511","post","type-post","status-publish","format-standard","hentry","category-nachrichten","entry"],"_links":{"self":[{"href":"https:\/\/codexflores.ch\/index.php\/wp-json\/wp\/v2\/posts\/3511","targetHints":{"allow":["GET"]}}],"collection":[{"href":"https:\/\/codexflores.ch\/index.php\/wp-json\/wp\/v2\/posts"}],"about":[{"href":"https:\/\/codexflores.ch\/index.php\/wp-json\/wp\/v2\/types\/post"}],"author":[{"embeddable":true,"href":"https:\/\/codexflores.ch\/index.php\/wp-json\/wp\/v2\/users\/1"}],"replies":[{"embeddable":true,"href":"https:\/\/codexflores.ch\/index.php\/wp-json\/wp\/v2\/comments?post=3511"}],"version-history":[{"count":0,"href":"https:\/\/codexflores.ch\/index.php\/wp-json\/wp\/v2\/posts\/3511\/revisions"}],"wp:attachment":[{"href":"https:\/\/codexflores.ch\/index.php\/wp-json\/wp\/v2\/media?parent=3511"}],"wp:term":[{"taxonomy":"category","embeddable":true,"href":"https:\/\/codexflores.ch\/index.php\/wp-json\/wp\/v2\/categories?post=3511"},{"taxonomy":"post_tag","embeddable":true,"href":"https:\/\/codexflores.ch\/index.php\/wp-json\/wp\/v2\/tags?post=3511"}],"curies":[{"name":"wp","href":"https:\/\/api.w.org\/{rel}","templated":true}]}}