{"id":352,"date":"2014-01-11T08:19:40","date_gmt":"2014-01-11T08:19:40","guid":{"rendered":"https:\/\/codexflores.ch\/index.php\/2014\/01\/11\/vertreterin-der-musik-wird-hoechste-schweizerin\/"},"modified":"2014-01-11T08:19:40","modified_gmt":"2014-01-11T08:19:40","slug":"vertreterin-der-musik-wird-hoechste-schweizerin","status":"publish","type":"post","link":"https:\/\/codexflores.ch\/index.php\/2014\/01\/11\/vertreterin-der-musik-wird-hoechste-schweizerin\/","title":{"rendered":"Vertreterin der Musik wird h\u00f6chste Schweizerin"},"content":{"rendered":"<p><center><em>Von Wolfgang B\u00f6hler<\/em><\/center> <\/p>\n<p><span class=\"txt-m-black\"><span class=\"txt-m-black\">\u00a0<\/span><\/span><\/p>\n<table align=\"left\">\n<tbody>\n<tr>\n<td width=\"70\"><img decoding=\"async\" src=\"http:\/\/212.60.37.143\/bilder\/kolumnewb.jpg\" border=\"0\" \/><\/td>\n<\/tr>\n<\/tbody>\n<\/table>\n<p><span class=\"txt-m-black\">08.12.2006 &#8212; Die freisinnige Nationalr\u00e4tin Christine Egerszegi ist diese Woche zur Pr\u00e4sidentin des Schweizer Nationalrats gew\u00e4hlt worden. Damit bekleidet sie das rangh\u00f6chste Regierungsamt des Landes. Codex flores gratuliert der Aargauer Volksvertreterin herzlichst zu der ehrenvollen Ernennung. Mit einem Resultat von 159 von 171 Stimmen hat sie seit elf Jahren das beste Ergebnis dieser j\u00e4hrlich im Turnus durchgef\u00fchrten Wahl erzielt. Das zeigt, wie viel Respekt die Vollblutpolitikerin unter der Bundeshauskuppel geniesst. Egerszegi ist Pr\u00e4sidentin der Parlamentarischen Gruppe Musik und dank einem konsequenten Einsatz f\u00fcr die soziale Besserstellung von Musiklehrerinnen und \u2013lehrern \u00fcberhaupt erst zur Politikerin geworden.<\/p>\n<p> Dass ihr die klingende Kunst ein zentrales Anliegen ist, bewies sie auch bei ihrer Antrittsrede, in der sie gemeinsam mit einem Geangsquartett aus ihrem Heimatkanton im Parlamentssaal traditionelle Volkslieder vortrug. \u00abC&#8217;est le ton qui fait la musique\u00bb soll denn auch das Motto ihrer ein Jahr dauernden Amtszeit bilden. Dass die sympathische und integre Abgeordnete zur Schweizer Musik- und Kulturpolitik einiges zu sagen weiss, hat sie auch in einem Interview bewiesen, das Codex flores vor einigen Monaten im Bundeshaus mit ihr gef\u00fchrt hat (es findet sich <a href=\"http:\/\/212.60.37.143\/rezensionen_ind3.php?art=282\">hier<\/a>).<\/p>\n<p> Christine Egerszegis Einsatz f\u00fcr die Musik wirkt speziell glaubw\u00fcrdig, weil sie fern jeglicher Polemik keine Dimension des Musizierens ausblendet und sich f\u00fcr die Anliegen der Freiheit zeitgen\u00f6ssischer Kunstmusik genauso einzusetzen versteht, wie sie die Lebendigkeit und Verwurzelung volkst\u00fcmlicher Traditionen des Chorwesens, der Harmoniemusik und der Folklore sch\u00e4tzt und respektiert. <\/p>\n<p> Zu hoffen ist allerdings, dass ihr Einsatz f\u00fcr die Anliegen der Musik und der Musizierenden in ihrer Amtszeit nicht bloss symbolisch bleibt. Die neue Funktion d\u00fcrfte viel Ressourcen binden \u2013 ausgerechnet in einer Zeit, in der eine der wenigen b\u00fcrgerlichen F\u00fcrsprecherinnen gelebter Hoch- und Volkskultur gefragt w\u00e4ren, wird doch da und dort bereits bef\u00fcrchtet, dass das geplante Kulturf\u00f6rderungsgesetz nach abgeschlossener Vernehmlassung schon wieder auf die lange Bank geschoben wird. So hofft die Musikwelt, dass die neue Nationalratspr\u00e4sidentin doch ab und zu einmal bei ihrem daf\u00fcr zust\u00e4ndigen Parteikollegen Pascal Couchepin anklopfen und darauf dr\u00e4ngen wird, die Behandlung des Gesetzes tats\u00e4chlich wie geplant in ihrem Amtsjahr auf die Agenda des Schweizerischen Parlamentes zu setzen. <\/p>\n<p> Dabei d\u00fcrfte sie den Bundesrat ruhig auch immer wieder daran erinnern, dass er versprochen hat, bis Dezember 2007 einen Bericht \u00abzur sozialen Sicherheit von Arbeitnehmenden in Berufen mit h\u00e4ufig wechselnden oder befristeten Anstellungen\u00bb &#8211; unter anderem eben auch der Musikerinnen und Musiker &#8211; vorzulegen und dass damit das Problem der Sozialversicherungen z\u00fcgig angegangen wird.<\/span> <span class=\"txt-m-black\">(<em>wb<\/em>)<\/span><\/p>\n<p> <center> <\/p>\n<table style=\"width: 420px;\" summary=\"linie\" border=\"0\" cellspacing=\"0\" cellpadding=\"0\">\n<tbody>\n<tr>\n<td colspan=\"9\" bgcolor=\"#666666\" height=\"1\"><img loading=\"lazy\" decoding=\"async\" src=\"http:\/\/212.60.37.143\/grafiken\/dbrown1x1.gif\" border=\"0\" width=\"1\" height=\"1\" \/><\/td>\n<\/tr>\n<\/tbody>\n<\/table>\n<p> <\/center> <\/p>\n<p><span class=\"txt-s-black\">Der Musikphilosoph Wolfgang B\u00f6hler (M.A.) studierte an der Universit\u00e4t Bern Wissenschaftstheorie, Mathematik und Musikwissenschaft. Er ist Chefredaktor des Codex flores Onlinemagazins.<\/span><\/p>\n","protected":false},"excerpt":{"rendered":"<p>Von Wolfgang B\u00f6hler \u00a0 08.12.2006 &#8212; Die freisinnige Nationalr\u00e4tin Christine Egerszegi ist diese Woche zur Pr\u00e4sidentin des Schweizer Nationalrats gew\u00e4hlt&#8230;<\/p>\n","protected":false},"author":1,"featured_media":0,"comment_status":"open","ping_status":"open","sticky":false,"template":"","format":"standard","meta":{"footnotes":""},"categories":[5],"tags":[],"class_list":["post-352","post","type-post","status-publish","format-standard","hentry","category-editorials","entry"],"_links":{"self":[{"href":"https:\/\/codexflores.ch\/index.php\/wp-json\/wp\/v2\/posts\/352","targetHints":{"allow":["GET"]}}],"collection":[{"href":"https:\/\/codexflores.ch\/index.php\/wp-json\/wp\/v2\/posts"}],"about":[{"href":"https:\/\/codexflores.ch\/index.php\/wp-json\/wp\/v2\/types\/post"}],"author":[{"embeddable":true,"href":"https:\/\/codexflores.ch\/index.php\/wp-json\/wp\/v2\/users\/1"}],"replies":[{"embeddable":true,"href":"https:\/\/codexflores.ch\/index.php\/wp-json\/wp\/v2\/comments?post=352"}],"version-history":[{"count":0,"href":"https:\/\/codexflores.ch\/index.php\/wp-json\/wp\/v2\/posts\/352\/revisions"}],"wp:attachment":[{"href":"https:\/\/codexflores.ch\/index.php\/wp-json\/wp\/v2\/media?parent=352"}],"wp:term":[{"taxonomy":"category","embeddable":true,"href":"https:\/\/codexflores.ch\/index.php\/wp-json\/wp\/v2\/categories?post=352"},{"taxonomy":"post_tag","embeddable":true,"href":"https:\/\/codexflores.ch\/index.php\/wp-json\/wp\/v2\/tags?post=352"}],"curies":[{"name":"wp","href":"https:\/\/api.w.org\/{rel}","templated":true}]}}