{"id":3522,"date":"2018-11-14T07:23:29","date_gmt":"2018-11-14T07:23:29","guid":{"rendered":"https:\/\/codexflores.ch\/index.php\/2018\/11\/14\/stipendien-der-festival-akademie-musikjournalismus\/"},"modified":"2018-11-14T07:23:29","modified_gmt":"2018-11-14T07:23:29","slug":"stipendien-der-festival-akademie-musikjournalismus","status":"publish","type":"post","link":"https:\/\/codexflores.ch\/index.php\/2018\/11\/14\/stipendien-der-festival-akademie-musikjournalismus\/","title":{"rendered":"Stipendien der Festival Akademie Musikjournalismus"},"content":{"rendered":"<p><span style=\"font-family: arial, helvetica, sans-serif; font-size: small;\">14.11.2018 &#8212; Das internationale Musikfestival Heidelberger Fr\u00fchling schreibt eine \u00abFestival Akademie Musikjournalismus\u00bb 2019 aus. Vergeben werden Stipendien, die einen Reisekostenzuschuss, Unterbringung bei Gastfamilien, Verpflegung und die Teilnahme an allen Kursen und Konzerten im Zeitraum umfassen.<\/span><\/p>\n<p><span style=\"font-family: arial, helvetica, sans-serif; font-size: small;\"><strong>14.11.2018 &#8212; Das internationale Musikfestival Heidelberger Fr\u00fchling schreibt eine \u00abFestival Akademie Musikjournalismus\u00bb 2019 aus. Vergeben werden Stipendien, die einen Reisekostenzuschuss, Unterbringung bei Gastfamilien, Verpflegung und die Teilnahme an allen Kursen und Konzerten im Zeitraum umfassen.<\/strong><\/span><\/p>\n<p><span style=\"font-family: arial, helvetica, sans-serif; font-size: small;\">\u00a0<\/span><\/p>\n<p><span style=\"font-family: arial, helvetica, sans-serif; font-size: small;\">Die Teilnehmenden haben anschliessend die M\u00f6glichkeit, sich ein Jahr beim Onlinemusikmagazin niusic.de freischaffend musikjournalistisch einzubringen. Bewerben k\u00f6nnen sich Studierende aller einschl\u00e4gigen Fachrichtungen. Voraussetzung ist musikalische Praxiserfahrung sowie Erfahrung im Schreiben. <\/span><\/p>\n<p>\u00a0<\/p>\n<p><span style=\"font-family: arial, helvetica, sans-serif; font-size: small;\">Aussagekr\u00e4ftige Bewerbungen mit Lebenslauf und Textproben sind digital oder postalisch bis zum Bewerbungsschluss einzureichen. Einen \u00dcberblick \u00fcber die Publikationen der vergangenen Akademie-Jahrg\u00e4nge sind unter <a href=\"http:\/\/www.musik-journalismus.com\" target=\"_blank\" rel=\"noopener noreferrer\">www.musik-journalismus.com<\/a> zu finden. Bei R\u00fcckfragen stehe ich gerne zur Verf\u00fcgung. <em>(cf)<\/em><\/span><\/p>\n<p><span style=\"font-family: arial, helvetica, sans-serif; font-size: small;\">\u00a0<\/span><\/p>\n<p>\u00a0<\/p>\n","protected":false},"excerpt":{"rendered":"<p><span style=\"font-family: arial, helvetica, sans-serif; font-size: small;\">14.11.2018 &#8212; Das internationale Musikfestival Heidelberger Fr\u00fchling schreibt eine \u00abFestival Akademie Musikjournalismus\u00bb 2019 aus. Vergeben werden Stipendien, die einen Reisekostenzuschuss, Unterbringung bei Gastfamilien, Verpflegung und die Teilnahme an allen Kursen und Konzerten im Zeitraum umfassen.<\/span><\/p>\n","protected":false},"author":1,"featured_media":0,"comment_status":"open","ping_status":"open","sticky":false,"template":"","format":"standard","meta":{"footnotes":""},"categories":[2],"tags":[],"class_list":["post-3522","post","type-post","status-publish","format-standard","hentry","category-nachrichten","entry"],"_links":{"self":[{"href":"https:\/\/codexflores.ch\/index.php\/wp-json\/wp\/v2\/posts\/3522","targetHints":{"allow":["GET"]}}],"collection":[{"href":"https:\/\/codexflores.ch\/index.php\/wp-json\/wp\/v2\/posts"}],"about":[{"href":"https:\/\/codexflores.ch\/index.php\/wp-json\/wp\/v2\/types\/post"}],"author":[{"embeddable":true,"href":"https:\/\/codexflores.ch\/index.php\/wp-json\/wp\/v2\/users\/1"}],"replies":[{"embeddable":true,"href":"https:\/\/codexflores.ch\/index.php\/wp-json\/wp\/v2\/comments?post=3522"}],"version-history":[{"count":0,"href":"https:\/\/codexflores.ch\/index.php\/wp-json\/wp\/v2\/posts\/3522\/revisions"}],"wp:attachment":[{"href":"https:\/\/codexflores.ch\/index.php\/wp-json\/wp\/v2\/media?parent=3522"}],"wp:term":[{"taxonomy":"category","embeddable":true,"href":"https:\/\/codexflores.ch\/index.php\/wp-json\/wp\/v2\/categories?post=3522"},{"taxonomy":"post_tag","embeddable":true,"href":"https:\/\/codexflores.ch\/index.php\/wp-json\/wp\/v2\/tags?post=3522"}],"curies":[{"name":"wp","href":"https:\/\/api.w.org\/{rel}","templated":true}]}}