{"id":3526,"date":"2018-12-03T07:07:43","date_gmt":"2018-12-03T07:07:43","guid":{"rendered":"https:\/\/codexflores.ch\/index.php\/2018\/12\/03\/engstrom-gruendet-festival-in-lettland\/"},"modified":"2018-12-03T07:07:43","modified_gmt":"2018-12-03T07:07:43","slug":"engstrom-gruendet-festival-in-lettland","status":"publish","type":"post","link":"https:\/\/codexflores.ch\/index.php\/2018\/12\/03\/engstrom-gruendet-festival-in-lettland\/","title":{"rendered":"Engstrom gr\u00fcndet Festival in Lettland"},"content":{"rendered":"<p><span style=\"font-family: arial, helvetica, sans-serif; font-size: small;\">03.12.2018 &#8212; Martin Engstr\u00f6m, der Leiter des Verbier Festivals\u00a0 ruft in Lettland ein Musikfestival, das Riga Jurmala Festival, ins Leben. Es verteilt sich zun\u00e4chst auf vier Wochenenden und startet mit Auftritten\u00a0des Symphonieorchester des Bayerischen Rundfunks und dem Israel Philharmonic Orchestra.<\/span><\/p>\n<p><span style=\"font-family: arial, helvetica, sans-serif; font-size: small;\"><strong>03.12.2018 &#8212; Martin Engstr\u00f6m, der Leiter des Verbier Festivals\u00a0 ruft in Lettland ein Musikfestival, das Riga Jurmala Festival, ins Leben. Es verteilt sich jeweils auf vier Wochenenden und startet mit Auftritten\u00a0des Symphonieorchester des Bayerischen Rundfunks und dem Israel Philharmonic Orchestra.<\/strong><\/span><\/p>\n<p><span style=\"font-family: arial, helvetica, sans-serif; font-size: small;\">\u00a0<\/span><\/p>\n<p><span style=\"font-family: arial, helvetica, sans-serif; font-size: small;\">Die erste auflage findet im Sommer 2019 statt. 2020 soll das Festival auf sechs und 2012 auf acht Wochenenden ausgedehnt werden. Zu den ersten eingeladenen orcehstern geh\u00f6ren \u00fcberdies das London Symphony Orchestra und das Russian National Orchestra. Als Soilsten amten unter anderem\u00a0Murray Perahia, Yuja Wang, Vadim Repin, Mischa Maisky und Jan Lisiecki.<\/span><\/p>\n<p><span style=\"font-family: arial, helvetica, sans-serif; font-size: small;\">\u00a0<\/span><\/p>\n<p><span style=\"font-family: arial, helvetica, sans-serif; font-size: small;\">Engstr\u00f6ms Partner f\u00fcr das Festival, das in den St\u00e4dte Riga und Jurmala durchgef\u00fchrt wird, ist Miguel Esteban, der Koleiter des Verbier Festivals und COO der Londoner Firma Idili Live. Unters\u00fctzt wird es von der lettischen BMS Foundation, die 2017 bereits die Konzertreihe Baltic Musical Seasons begr\u00fcndet hat.<em> (cf)<\/em><\/span><\/p>\n<p><span style=\"font-family: arial, helvetica, sans-serif; font-size: small;\">\u00a0<\/span><\/p>\n","protected":false},"excerpt":{"rendered":"<p><span style=\"font-family: arial, helvetica, sans-serif; font-size: small;\">03.12.2018 &#8212; Martin Engstr\u00f6m, der Leiter des Verbier Festivals\u00a0 ruft in Lettland ein Musikfestival, das Riga Jurmala Festival, ins Leben. Es verteilt sich zun\u00e4chst auf vier Wochenenden und startet mit Auftritten\u00a0des Symphonieorchester des Bayerischen Rundfunks und dem Israel Philharmonic Orchestra.<\/span><\/p>\n","protected":false},"author":1,"featured_media":0,"comment_status":"open","ping_status":"open","sticky":false,"template":"","format":"standard","meta":{"footnotes":""},"categories":[2],"tags":[],"class_list":["post-3526","post","type-post","status-publish","format-standard","hentry","category-nachrichten","entry"],"_links":{"self":[{"href":"https:\/\/codexflores.ch\/index.php\/wp-json\/wp\/v2\/posts\/3526","targetHints":{"allow":["GET"]}}],"collection":[{"href":"https:\/\/codexflores.ch\/index.php\/wp-json\/wp\/v2\/posts"}],"about":[{"href":"https:\/\/codexflores.ch\/index.php\/wp-json\/wp\/v2\/types\/post"}],"author":[{"embeddable":true,"href":"https:\/\/codexflores.ch\/index.php\/wp-json\/wp\/v2\/users\/1"}],"replies":[{"embeddable":true,"href":"https:\/\/codexflores.ch\/index.php\/wp-json\/wp\/v2\/comments?post=3526"}],"version-history":[{"count":0,"href":"https:\/\/codexflores.ch\/index.php\/wp-json\/wp\/v2\/posts\/3526\/revisions"}],"wp:attachment":[{"href":"https:\/\/codexflores.ch\/index.php\/wp-json\/wp\/v2\/media?parent=3526"}],"wp:term":[{"taxonomy":"category","embeddable":true,"href":"https:\/\/codexflores.ch\/index.php\/wp-json\/wp\/v2\/categories?post=3526"},{"taxonomy":"post_tag","embeddable":true,"href":"https:\/\/codexflores.ch\/index.php\/wp-json\/wp\/v2\/tags?post=3526"}],"curies":[{"name":"wp","href":"https:\/\/api.w.org\/{rel}","templated":true}]}}