{"id":3531,"date":"2019-03-06T10:35:40","date_gmt":"2019-03-06T10:35:40","guid":{"rendered":"https:\/\/codexflores.ch\/index.php\/2019\/03\/06\/mit-musik-gegen-altersdepressionen\/"},"modified":"2019-03-06T10:35:40","modified_gmt":"2019-03-06T10:35:40","slug":"mit-musik-gegen-altersdepressionen","status":"publish","type":"post","link":"https:\/\/codexflores.ch\/index.php\/2019\/03\/06\/mit-musik-gegen-altersdepressionen\/","title":{"rendered":"Mit Musik gegen Altersdepressionen"},"content":{"rendered":"<p><span style=\"font-family: arial, helvetica, sans-serif; font-size: small;\">21.01.2019 &#8212; Ein internationales Forschungsprojekt hat neue interdisziplin\u00e4re Ans\u00e4tze zu gesundem Altern und Reaktionen auf Musik bei \u00e4lteren Erwachsenen untersucht. Beteiligt ist auch die Universit\u00e4t Genf und die Reha Rheinfelden.<\/span><\/p>\n<p><span style=\"font-family: arial, helvetica, sans-serif; font-size: small;\"><strong>21.01.2019 &#8212; Ein internationales Forschungsprojekt hat neue interdisziplin\u00e4re Ans\u00e4tze zu gesundem Altern und Reaktionen auf Musik bei \u00e4lteren Erwachsenen untersucht. Beteiligt ist auch die Universit\u00e4t Genf und die Reha Rheinfelden.<\/strong><\/span><\/p>\n<p><span style=\"font-family: arial, helvetica, sans-serif; font-size: small;\">\u00a0<\/span><\/p>\n<p><span style=\"font-family: arial, helvetica, sans-serif; font-size: small;\">Laut der Mitteilung der Hochschule f\u00fcr angewandte Wissenschaften W\u00fcrzburg-Schweinfurt steht dabei steht dabei die Aktivierung von Gehirnfunktionen im Mittelpunkt, die bei Altersdepression gest\u00f6rt sind. Gemeinsam mit 13 europ\u00e4ischen Partnern aus dem universit\u00e4ren, klinischen und industriellen Bereich wird interdisziplin\u00e4r in den Fachgebieten Neurowissenschaft (Uni Genf, Reha Rheinfelden), Gerontopsychiatrie (Uni W\u00fcrzburg, Uni Tours, Uniklinik Tours), Musikintervention (Uni Cambridge, Uni Jyv\u00e4skyl\u00e4, Uni Aalborg, der Hochschule W\u00fcrzburg-Schweinfurt) an dieser Entwicklung gearbeitet. Beteiligt sind \u00fcberdies ein finnisches und ein franz\u00f6sisches klein- und mittelst\u00e4ndisches Unternehmen sowie ein IT-Engineering-Team (Uni Barcelona, Uni Genua, FHWS, Uni Augsburg).<\/span><\/p>\n<p><span style=\"font-family: arial, helvetica, sans-serif; font-size: small;\">\u00a0<\/span><\/p>\n<p><span style=\"font-family: arial, helvetica, sans-serif; font-size: small;\">Die Hochschule f\u00fcr angewandte Wissenschaften W\u00fcrzburg-Schweinfurt ist zudem an einem Projekt beteiligt, das Interventionen f\u00fcr Menschen, die mit Demenz leben, untersucht. Von Mai 2019 bis April 2023 wird dabei ein Training f\u00fcr h\u00e4uslich pflegende Angeh\u00f6rige von Menschen mit Demenz zum Erlernen und Anwenden von Musikinterventionen in der h\u00e4uslichen Pflege entwickelt und dessen Effektivit\u00e4t gepr\u00fcft. Das entsprechende Konsortium besteht aus der Universit\u00e4t Melbourne (Konsortiumsleitung), der Anglia-Ruskin-University Cambridge, der FHWS, der Musikhochschule Oslo und der Universit\u00e4t Krakau. Auskunft geben kann Thomas Wosch (Fakult\u00e4t Angewandte Sozialwissenschaften der Hochschule f\u00fcr angewandte Wissenschaften W\u00fcrzburg-Schweinfurt).<\/span><\/p>\n","protected":false},"excerpt":{"rendered":"<p><span style=\"font-family: arial, helvetica, sans-serif; font-size: small;\">21.01.2019 &#8212; Ein internationales Forschungsprojekt hat neue interdisziplin\u00e4re Ans\u00e4tze zu gesundem Altern und Reaktionen auf Musik bei \u00e4lteren Erwachsenen untersucht. Beteiligt ist auch die Universit\u00e4t Genf und die Reha Rheinfelden.<\/span><\/p>\n","protected":false},"author":1,"featured_media":0,"comment_status":"open","ping_status":"open","sticky":false,"template":"","format":"standard","meta":{"footnotes":""},"categories":[2],"tags":[],"class_list":["post-3531","post","type-post","status-publish","format-standard","hentry","category-nachrichten","entry"],"_links":{"self":[{"href":"https:\/\/codexflores.ch\/index.php\/wp-json\/wp\/v2\/posts\/3531","targetHints":{"allow":["GET"]}}],"collection":[{"href":"https:\/\/codexflores.ch\/index.php\/wp-json\/wp\/v2\/posts"}],"about":[{"href":"https:\/\/codexflores.ch\/index.php\/wp-json\/wp\/v2\/types\/post"}],"author":[{"embeddable":true,"href":"https:\/\/codexflores.ch\/index.php\/wp-json\/wp\/v2\/users\/1"}],"replies":[{"embeddable":true,"href":"https:\/\/codexflores.ch\/index.php\/wp-json\/wp\/v2\/comments?post=3531"}],"version-history":[{"count":0,"href":"https:\/\/codexflores.ch\/index.php\/wp-json\/wp\/v2\/posts\/3531\/revisions"}],"wp:attachment":[{"href":"https:\/\/codexflores.ch\/index.php\/wp-json\/wp\/v2\/media?parent=3531"}],"wp:term":[{"taxonomy":"category","embeddable":true,"href":"https:\/\/codexflores.ch\/index.php\/wp-json\/wp\/v2\/categories?post=3531"},{"taxonomy":"post_tag","embeddable":true,"href":"https:\/\/codexflores.ch\/index.php\/wp-json\/wp\/v2\/tags?post=3531"}],"curies":[{"name":"wp","href":"https:\/\/api.w.org\/{rel}","templated":true}]}}