{"id":3535,"date":"2019-03-08T22:14:53","date_gmt":"2019-03-08T22:14:53","guid":{"rendered":"https:\/\/codexflores.ch\/index.php\/2019\/03\/08\/tod-des-dirigenten-michael-gielen\/"},"modified":"2019-03-08T22:14:53","modified_gmt":"2019-03-08T22:14:53","slug":"tod-des-dirigenten-michael-gielen","status":"publish","type":"post","link":"https:\/\/codexflores.ch\/index.php\/2019\/03\/08\/tod-des-dirigenten-michael-gielen\/","title":{"rendered":"Tod des Dirigenten Michael Gielen"},"content":{"rendered":"<p><span style=\"font-family: arial, helvetica, sans-serif; font-size: small;\">08.03.2019 &#8212; Michael Gielen, der fr\u00fchere Chefdirigent des SWR-Sinfonieorchesters Baden-Baden und Freiburg\u00a0 ist tot. Der deutsch-\u00f6sterreichische Komponist starb nach Angaben seiner Familie am 8. M\u00e4rz 2019 im Alter von 91 Jahren in seinem Haus am Mondsee\/\u00d6sterreich.<\/span><\/p>\n<p><span style=\"font-family: arial, helvetica, sans-serif; font-size: small;\"><strong>\u00a008.03.2019 &#8212; Michael Gielen, der fr\u00fchere Chefdirigent des SWR-Sinfonieorchesters Baden-Baden und Freiburg\u00a0 ist tot. Der deutsch-\u00f6sterreichische Komponist starb nach Angaben seiner Familie am 8. M\u00e4rz 2019 im Alter von 91 Jahren in seinem Haus am Mondsee\/\u00d6sterreich.<\/strong><\/span><\/p>\n<p><span style=\"font-family: arial, helvetica, sans-serif; font-size: small;\">\u00a0<\/span><\/p>\n<p><span style=\"font-family: arial, helvetica, sans-serif; font-size: small;\">Gielen wurde 1927 in Dresden geboren. 1940 emigrierte er mit seiner Familie nach Argentinien. 1950 begann seine Karriere in Europa als Korrepetitor und Dirigent an der Wiener Staatsoper. Es folgten Chefdirigentenpositionen in Stockholm und Br\u00fcssel, in Cincinnati und Frankfurt, eine Kompositionsprofessur am Mozarteum in Salzburg und zahlreiche Anerkennungen. So erhielt er 2010 den Ernst-von-Siemens-Musikpreis und das Grosse Verdienstkreuz mit Stern der Bundesrepublik Deutschland.<\/span><\/p>\n<p><span style=\"font-family: arial, helvetica, sans-serif; font-size: small;\">\u00a0<\/span><\/p>\n<p><span style=\"font-family: arial, helvetica, sans-serif; font-size: small;\">Das Sinfonieorchester des S\u00fcdwestfunks hatte Gielen 1986 \u00fcbernommen, das 1996 in SWR-Sinfonieorchester Baden-Baden und Freiburg umbenannt wurde. Er leitete den Klangk\u00f6rper bis 1999 und galt mit seinem umfangreichen Repertoire von Bach bis zur Moderne, von sinfonischer Literatur bis zur Oper, als einer der gr\u00f6ssten Dirigenten der Gegenwart. <em>(pd)<\/em><\/span><\/p>\n","protected":false},"excerpt":{"rendered":"<p><span style=\"font-family: arial, helvetica, sans-serif; font-size: small;\">08.03.2019 &#8212; Michael Gielen, der fr\u00fchere Chefdirigent des SWR-Sinfonieorchesters Baden-Baden und Freiburg\u00a0 ist tot. Der deutsch-\u00f6sterreichische Komponist starb nach Angaben seiner Familie am 8. M\u00e4rz 2019 im Alter von 91 Jahren in seinem Haus am Mondsee\/\u00d6sterreich.<\/span><\/p>\n","protected":false},"author":1,"featured_media":0,"comment_status":"open","ping_status":"open","sticky":false,"template":"","format":"standard","meta":{"footnotes":""},"categories":[2],"tags":[],"class_list":["post-3535","post","type-post","status-publish","format-standard","hentry","category-nachrichten","entry"],"_links":{"self":[{"href":"https:\/\/codexflores.ch\/index.php\/wp-json\/wp\/v2\/posts\/3535","targetHints":{"allow":["GET"]}}],"collection":[{"href":"https:\/\/codexflores.ch\/index.php\/wp-json\/wp\/v2\/posts"}],"about":[{"href":"https:\/\/codexflores.ch\/index.php\/wp-json\/wp\/v2\/types\/post"}],"author":[{"embeddable":true,"href":"https:\/\/codexflores.ch\/index.php\/wp-json\/wp\/v2\/users\/1"}],"replies":[{"embeddable":true,"href":"https:\/\/codexflores.ch\/index.php\/wp-json\/wp\/v2\/comments?post=3535"}],"version-history":[{"count":0,"href":"https:\/\/codexflores.ch\/index.php\/wp-json\/wp\/v2\/posts\/3535\/revisions"}],"wp:attachment":[{"href":"https:\/\/codexflores.ch\/index.php\/wp-json\/wp\/v2\/media?parent=3535"}],"wp:term":[{"taxonomy":"category","embeddable":true,"href":"https:\/\/codexflores.ch\/index.php\/wp-json\/wp\/v2\/categories?post=3535"},{"taxonomy":"post_tag","embeddable":true,"href":"https:\/\/codexflores.ch\/index.php\/wp-json\/wp\/v2\/tags?post=3535"}],"curies":[{"name":"wp","href":"https:\/\/api.w.org\/{rel}","templated":true}]}}